{"id":45634,"date":"2021-10-08T06:00:53","date_gmt":"2021-10-08T09:00:53","guid":{"rendered":"https:\/\/www.radioamigavallenar.cl\/?p=45634"},"modified":"2021-10-07T22:30:14","modified_gmt":"2021-10-08T01:30:14","slug":"dominga-abogado-de-pinera-niega-que-clausula-en-compraventa-no-se-incluyera-en-causa-de-2017","status":"publish","type":"post","link":"https:\/\/www.radioamigavallenar.cl\/?p=45634","title":{"rendered":"Dominga: abogado de Pi\u00f1era niega que cl\u00e1usula en compraventa no se incluyera en causa de 2017"},"content":{"rendered":"<div class=\"post-excerpt\">\n<p>El fiscal Abbott habr\u00eda encargado revisar los nuevos antecedentes del caso Dominga, para dilucidar si la investigaci\u00f3n contra Pi\u00f1era, llevada a cabo en 2017 por el fiscal Manuel Guerra, contempl\u00f3 o no la cl\u00e1usula que condicionaba el pago de la tercera cuota por la compraventa de la minera. \u00c9sta se aten\u00eda a que el gobierno de Pi\u00f1era no declarara como reserva natural la zona donde se construir\u00e1 el proyecto.<\/p>\n<\/div>\n<div class=\"banners-contenido-nota-5084323\">\n<p>El abogado del presidente Sebasti\u00e1n Pi\u00f1era, Juan Domingo Acosta, respondi\u00f3 este jueves a una eventual reapertura del caso Exalmar-Dominga, en el que se investig\u00f3 la\u00a0<strong>compraventa de la minera ubicada en la regi\u00f3n de Coquimbo entre las familias del Mandatario y de Carlos D\u00e9lano en 2010.<\/strong><\/p>\n<p>El Consorcio Internacional de Periodistas de Investigaci\u00f3n (ICIJ) public\u00f3 el pasado fin de semana los \u201cPandora Papers\u201d, donde se revel\u00f3 que la transacci\u00f3n fue realizada en las Islas V\u00edrgenes Brit\u00e1nicas, un para\u00edso fiscal.<\/p>\n<p>Adem\u00e1s, se asegur\u00f3 que el pago de la tercera cuota estaba condicionado a que\u00a0<strong>el primer gobierno de Sebasti\u00e1n Pi\u00f1era no declarara como reserva natural la zona donde se construir\u00e1 el proyecto<\/strong>. Eso finalmente se dio as\u00ed y, finalmente, la cuota termin\u00f3 por pagarse.<\/p>\n<p>Seg\u00fan consign\u00f3\u00a0La Tercera, el fiscal Abbott encarg\u00f3 a sus asesores estudiar los antecedentes para dilucidar si las pesquisas del caso, llevadas a cabo en 2017 por el fiscal Manuel Guerra,\u00a0<strong>contemplaron o no el contrato original de la compraventa con esta \u00faltima cl\u00e1usula.<\/strong><\/p>\n<p>Cabe recordar que ese a\u00f1o se decret\u00f3 el cierre y sobreseimiento definitivo de la causa penal contra Pi\u00f1era, lo que fue confirmado por la Corte de Santiago y la Corte Suprema.<\/p>\n<p>Ante ello, el abogado Juan Domingo Acosta se\u00f1al\u00f3 que el 7 de abril de 2017, a requerimiento de la Fiscal\u00eda,\u00a0<strong>se presentaron todos los documentos relativos a la investigaci\u00f3n.<\/strong><\/p>\n<p>Entre ellos, se encontrar\u00eda uno que se denomina \u201cAcuerdo\u201d, el cual\u00a0<strong>da cuenta de la totalidad de los t\u00e9rminos y condiciones respecto de la transferencia del Proyecto Dominga.<\/strong><\/p>\n<p>\u201cDicho instrumento contiene todos los acuerdos alcanzados entre comprador y vendedor en relaci\u00f3n a la compraventa, incluyendo en su cl\u00e1usula 3.03., aquella relativa al\u00a0<strong>pago del saldo de precio de la compraventa, su monto y plazo, as\u00ed como las condiciones a las cuales quedaba sujeto dicho pago<\/strong>. Su contenido es exactamente el mismo del contrato de compraventa, pues dicta sus t\u00e9rminos\u201d, sostiene Acosta.<\/p>\n<p><img loading=\"lazy\" decoding=\"async\" class=\"alignnone size-full wp-image-5084353\" src=\"https:\/\/media.biobiochile.cl\/wp-content\/uploads\/2021\/10\/e1b7738c-2412-4c19-9abf-d0a874d11f3a.jpg\" sizes=\"auto, (max-width: 709px) 85vw, (max-width: 909px) 67vw, (max-width: 1362px) 62vw, 840px\" srcset=\"https:\/\/media.biobiochile.cl\/wp-content\/uploads\/2021\/10\/e1b7738c-2412-4c19-9abf-d0a874d11f3a.jpg 1280w, https:\/\/media.biobiochile.cl\/wp-content\/uploads\/2021\/10\/e1b7738c-2412-4c19-9abf-d0a874d11f3a-1200x567.jpg 1200w\" alt=\"\" width=\"1280\" height=\"605\" \/><\/p>\n<p>En ese sentido, agreg\u00f3 que \u201cel documento dado a conocer por ICIJ, es\u00a0<strong>s\u00f3lo la materializaci\u00f3n efectiva del negocio acordado formalmente mediante el contrato denominado Acuerdo<\/strong>, de tal forma que la cl\u00e1usula de saldo de precio es una mera transcripci\u00f3n de la existente en dicho documento.<\/p>\n<\/div>\n","protected":false},"excerpt":{"rendered":"<p>El fiscal Abbott habr\u00eda encargado revisar los nuevos antecedentes del caso Dominga, para dilucidar si la investigaci\u00f3n contra Pi\u00f1era, llevada a cabo en 2017 por&hellip; <\/p>\n","protected":false},"author":2,"featured_media":30307,"comment_status":"open","ping_status":"closed","sticky":false,"template":"","format":"standard","meta":{"footnotes":""},"categories":[37],"tags":[],"class_list":["post-45634","post","type-post","status-publish","format-standard","has-post-thumbnail","hentry","category-nacional"],"_links":{"self":[{"href":"https:\/\/www.radioamigavallenar.cl\/index.php?rest_route=\/wp\/v2\/posts\/45634","targetHints":{"allow":["GET"]}}],"collection":[{"href":"https:\/\/www.radioamigavallenar.cl\/index.php?rest_route=\/wp\/v2\/posts"}],"about":[{"href":"https:\/\/www.radioamigavallenar.cl\/index.php?rest_route=\/wp\/v2\/types\/post"}],"author":[{"embeddable":true,"href":"https:\/\/www.radioamigavallenar.cl\/index.php?rest_route=\/wp\/v2\/users\/2"}],"replies":[{"embeddable":true,"href":"https:\/\/www.radioamigavallenar.cl\/index.php?rest_route=%2Fwp%2Fv2%2Fcomments&post=45634"}],"version-history":[{"count":1,"href":"https:\/\/www.radioamigavallenar.cl\/index.php?rest_route=\/wp\/v2\/posts\/45634\/revisions"}],"predecessor-version":[{"id":45635,"href":"https:\/\/www.radioamigavallenar.cl\/index.php?rest_route=\/wp\/v2\/posts\/45634\/revisions\/45635"}],"wp:featuredmedia":[{"embeddable":true,"href":"https:\/\/www.radioamigavallenar.cl\/index.php?rest_route=\/wp\/v2\/media\/30307"}],"wp:attachment":[{"href":"https:\/\/www.radioamigavallenar.cl\/index.php?rest_route=%2Fwp%2Fv2%2Fmedia&parent=45634"}],"wp:term":[{"taxonomy":"category","embeddable":true,"href":"https:\/\/www.radioamigavallenar.cl\/index.php?rest_route=%2Fwp%2Fv2%2Fcategories&post=45634"},{"taxonomy":"post_tag","embeddable":true,"href":"https:\/\/www.radioamigavallenar.cl\/index.php?rest_route=%2Fwp%2Fv2%2Ftags&post=45634"}],"curies":[{"name":"wp","href":"https:\/\/api.w.org\/{rel}","templated":true}]}}