{"id":45632,"date":"2021-10-08T06:00:25","date_gmt":"2021-10-08T09:00:25","guid":{"rendered":"https:\/\/www.radioamigavallenar.cl\/?p=45632"},"modified":"2021-10-07T22:27:40","modified_gmt":"2021-10-08T01:27:40","slug":"comunicado-por-problemas-respecto-del-retiro-de-basura-domiciliaria-en-huasco-y-las-falencias-que-existen-hoy-en-la-comuna","status":"publish","type":"post","link":"https:\/\/www.radioamigavallenar.cl\/?p=45632","title":{"rendered":"Comunicado por problemas respecto del retiro de basura domiciliaria en Huasco y las falencias que existen hoy en la comuna."},"content":{"rendered":"<p>Durante meses, los vecinos de la comuna de Huasco, han tenido que lidiar con problemas referentes al retiro de residuos domiciliarios, debido a fallas mec\u00e1nicas de nuestros camiones recolectores.<\/p>\n<p>Actualmente, el Municipio de Huasco, cuenta con una flota de 4 camiones para realizar el recorrido establecido de manera semanal.<\/p>\n<p>Desde el mes de junio del a\u00f1o pasado, los veh\u00edculos han presentado una serie de fallas mec\u00e1nicas, quedando solo 2 camiones en buen estado. Hace dos semanas, otro veh\u00edculo, present\u00f3 fallas en su sistema hidr\u00e1ulico, debiendo ser derivado al taller para su reparaci\u00f3n, contando el d\u00eda de hoy solo con un cami\u00f3n operativo.<\/p>\n<p>Los camiones en mal estado, est\u00e1n en proceso de reparaci\u00f3n en talleres especializados, en las ciudades de La Serena y Copiap\u00f3 en las concesionarias de Salfa y kaufman, esto, con la finalidad de dar soluci\u00f3n definitiva a los problemas mec\u00e1nicos.<\/p>\n<p>Para el trabajo optimo, la comuna de Huasco requiere contar; desde el mes de abril hasta el mes de noviembre con 3 camiones, para el periodo comprendido entre los meses de diciembre y marzo, se requiere de 4 camiones de lunes a mi\u00e9rcoles y 3 camiones de jueves a s\u00e1bado.<\/p>\n<p>Esto, considerando la poblaci\u00f3n flotante y que, anteriormente, la descarga se realizaba en un vertedero en Huasco, y hoy, se tiene que trasladar hasta la comuna de Vallenar, perdiendo aproximadamente dos horas y media, fatigando el veh\u00edculo y al equipo humano, quienes, realizan un esfuerzo enorme, tratando de cubrir los sectores correspondientes.<\/p>\n<p><strong>Ante ello, la Ilustre Municipalidad de Freirina, a brindado el apoyo con uno de sus camiones cuando ha sido requerido, y, a trav\u00e9s del Gobierno Regional, y cumpliendo un compromiso adquirido hace aproximadamente un a\u00f1o con el municipio de Huasco, se gestion\u00f3 la compra de un cami\u00f3n recolector. A la fecha, la compra ya se realiz\u00f3 y se espera la entrega para el mes de noviembre. <\/strong><\/p>\n<p>Sabemos la crisis sanitaria y ambiental que por la que hoy pasamos. Queremos una comuna limpia para nuestros vecinos y para recibir al turista y creemos que, a corto plazo, estaremos solucionando el grave problema del retiro de basura. Se espera la comprensi\u00f3n de los vecinos y vecinas e instamos a ser responsables en el manejo de los residuos domiciliaros.<\/p>\n<p>&nbsp;<\/p>\n<p style=\"text-align: center;\"><strong>Genaro Brice\u00f1o Tapia, alcalde de Huasco.\u00a0<\/strong><\/p>\n","protected":false},"excerpt":{"rendered":"<p>Durante meses, los vecinos de la comuna de Huasco, han tenido que lidiar con problemas referentes al retiro de residuos domiciliarios, debido a fallas mec\u00e1nicas&hellip; <\/p>\n","protected":false},"author":2,"featured_media":42088,"comment_status":"open","ping_status":"closed","sticky":false,"template":"","format":"standard","meta":{"footnotes":""},"categories":[7],"tags":[],"class_list":["post-45632","post","type-post","status-publish","format-standard","has-post-thumbnail","hentry","category-atacama"],"_links":{"self":[{"href":"https:\/\/www.radioamigavallenar.cl\/index.php?rest_route=\/wp\/v2\/posts\/45632","targetHints":{"allow":["GET"]}}],"collection":[{"href":"https:\/\/www.radioamigavallenar.cl\/index.php?rest_route=\/wp\/v2\/posts"}],"about":[{"href":"https:\/\/www.radioamigavallenar.cl\/index.php?rest_route=\/wp\/v2\/types\/post"}],"author":[{"embeddable":true,"href":"https:\/\/www.radioamigavallenar.cl\/index.php?rest_route=\/wp\/v2\/users\/2"}],"replies":[{"embeddable":true,"href":"https:\/\/www.radioamigavallenar.cl\/index.php?rest_route=%2Fwp%2Fv2%2Fcomments&post=45632"}],"version-history":[{"count":1,"href":"https:\/\/www.radioamigavallenar.cl\/index.php?rest_route=\/wp\/v2\/posts\/45632\/revisions"}],"predecessor-version":[{"id":45633,"href":"https:\/\/www.radioamigavallenar.cl\/index.php?rest_route=\/wp\/v2\/posts\/45632\/revisions\/45633"}],"wp:featuredmedia":[{"embeddable":true,"href":"https:\/\/www.radioamigavallenar.cl\/index.php?rest_route=\/wp\/v2\/media\/42088"}],"wp:attachment":[{"href":"https:\/\/www.radioamigavallenar.cl\/index.php?rest_route=%2Fwp%2Fv2%2Fmedia&parent=45632"}],"wp:term":[{"taxonomy":"category","embeddable":true,"href":"https:\/\/www.radioamigavallenar.cl\/index.php?rest_route=%2Fwp%2Fv2%2Fcategories&post=45632"},{"taxonomy":"post_tag","embeddable":true,"href":"https:\/\/www.radioamigavallenar.cl\/index.php?rest_route=%2Fwp%2Fv2%2Ftags&post=45632"}],"curies":[{"name":"wp","href":"https:\/\/api.w.org\/{rel}","templated":true}]}}