{"id":45627,"date":"2021-10-08T06:00:01","date_gmt":"2021-10-08T09:00:01","guid":{"rendered":"https:\/\/www.radioamigavallenar.cl\/?p=45627"},"modified":"2021-10-07T22:22:02","modified_gmt":"2021-10-08T01:22:02","slug":"paula-daza-anuncio-tercera-dosis-para-vacunados-con-pfizer-astrazeneca-y-cansino","status":"publish","type":"post","link":"https:\/\/www.radioamigavallenar.cl\/?p=45627","title":{"rendered":"Paula Daza anunci\u00f3 tercera dosis para vacunados con Pfizer, AstraZeneca y CanSino"},"content":{"rendered":"<p>La subsecretaria de Salud P\u00fablica, Paula Daza, inform\u00f3 que el martes 12 de octubre se empezar\u00e1 a aplicar la tercera dosis para personas vacunadas con AstraZeneca, Pfizer y CanSino. Cabe recordar que hasta ahora la tercera dosis de refuerzo solamente era inoculada en personas vacunadas con Sinovac.<\/p>\n<p>Seg\u00fan dijo la autoridad de Salud, la aplicaci\u00f3n se llevar\u00e1 a cabo a trav\u00e9s de un calendario que priorice a los mayores de 55 a\u00f1os.<\/p>\n<p>\u201cA partir de ese d\u00eda se iniciar\u00e1 la vacunaci\u00f3n de refuerzo para todas las personas vacunadas con dosis del laboratorio Pfizer, AstraZeneca y CanSino\u201d, detall\u00f3.<\/p>\n<p>Asimismo confirm\u00f3 que tambi\u00e9n se vacunar\u00e1n a quienes \u201cparticiparon de estudios cl\u00ednicos en nuestro pa\u00eds con vacunas de los laboratorios AstraZeneca, Janssen y CanSino y personas que han realizado la homologaci\u00f3n de vacunas recibidas en el extranjero\u201d.<\/p>\n<p>\u201cEsta fase, igual que la primera, se llevar\u00e1 a cabo seg\u00fan un calendario que considera la edad y fecha en que se complet\u00f3 el esquema de vacunaci\u00f3n\u201d, precis\u00f3 Daza<\/p>\n","protected":false},"excerpt":{"rendered":"<p>La subsecretaria de Salud P\u00fablica, Paula Daza, inform\u00f3 que el martes 12 de octubre se empezar\u00e1 a aplicar la tercera dosis para personas vacunadas con&hellip; <\/p>\n","protected":false},"author":2,"featured_media":40902,"comment_status":"open","ping_status":"closed","sticky":false,"template":"","format":"standard","meta":{"footnotes":""},"categories":[37],"tags":[],"class_list":["post-45627","post","type-post","status-publish","format-standard","has-post-thumbnail","hentry","category-nacional"],"_links":{"self":[{"href":"https:\/\/www.radioamigavallenar.cl\/index.php?rest_route=\/wp\/v2\/posts\/45627","targetHints":{"allow":["GET"]}}],"collection":[{"href":"https:\/\/www.radioamigavallenar.cl\/index.php?rest_route=\/wp\/v2\/posts"}],"about":[{"href":"https:\/\/www.radioamigavallenar.cl\/index.php?rest_route=\/wp\/v2\/types\/post"}],"author":[{"embeddable":true,"href":"https:\/\/www.radioamigavallenar.cl\/index.php?rest_route=\/wp\/v2\/users\/2"}],"replies":[{"embeddable":true,"href":"https:\/\/www.radioamigavallenar.cl\/index.php?rest_route=%2Fwp%2Fv2%2Fcomments&post=45627"}],"version-history":[{"count":2,"href":"https:\/\/www.radioamigavallenar.cl\/index.php?rest_route=\/wp\/v2\/posts\/45627\/revisions"}],"predecessor-version":[{"id":45629,"href":"https:\/\/www.radioamigavallenar.cl\/index.php?rest_route=\/wp\/v2\/posts\/45627\/revisions\/45629"}],"wp:featuredmedia":[{"embeddable":true,"href":"https:\/\/www.radioamigavallenar.cl\/index.php?rest_route=\/wp\/v2\/media\/40902"}],"wp:attachment":[{"href":"https:\/\/www.radioamigavallenar.cl\/index.php?rest_route=%2Fwp%2Fv2%2Fmedia&parent=45627"}],"wp:term":[{"taxonomy":"category","embeddable":true,"href":"https:\/\/www.radioamigavallenar.cl\/index.php?rest_route=%2Fwp%2Fv2%2Fcategories&post=45627"},{"taxonomy":"post_tag","embeddable":true,"href":"https:\/\/www.radioamigavallenar.cl\/index.php?rest_route=%2Fwp%2Fv2%2Ftags&post=45627"}],"curies":[{"name":"wp","href":"https:\/\/api.w.org\/{rel}","templated":true}]}}