{"id":45624,"date":"2021-10-08T06:00:24","date_gmt":"2021-10-08T09:00:24","guid":{"rendered":"https:\/\/www.radioamigavallenar.cl\/?p=45624"},"modified":"2021-10-07T22:22:15","modified_gmt":"2021-10-08T01:22:15","slug":"nauguran-emblematica-casa-maldini-tornini-en-copiapo","status":"publish","type":"post","link":"https:\/\/www.radioamigavallenar.cl\/?p=45624","title":{"rendered":"Inauguran emblem\u00e1tica Casa Maldini Tornini en Copiap\u00f3"},"content":{"rendered":"<p>En un evento encabezado por el Gobernador Regional de Atacama, Miguel Vargas Correa, el Delegado Presidencial, Patricio Urquieta Garc\u00eda, el Senador Rafael Prohens Espinoza, el Director Nacional de Arquitectura del MOP, Ra\u00fal Irarrazabal S\u00e1nchez,\u00a0 los Seremi de Obras P\u00fablicas, Alfredo Campbell Aguilar y de Cultura Mar\u00eda Cecilia Simunovic Ram\u00edrez, el Rector de la Universidad de Atacama, Celso Arias Mora, entre otras autoridades, se llev\u00f3 a cabo la esperada Inauguraci\u00f3n de la Restaurada Casa Maldini-Tornini en la ciudad de Copiap\u00f3.<\/p>\n<p><strong>El Gobernador de Atacama, Miguel Vargas Correa<\/strong>, manifest\u00f3 que \u201cjunto con ser una obra que rescata nuestra historia, que fomenta el desarrollo cultural y genera identidad, es un paso m\u00e1s que damos como regi\u00f3n a trav\u00e9s del programa Puesta en Valor del Patrimonio, donde participan distintas entidades p\u00fablicas. Quiero destacar el rol de la Universidad de Atacama, de la Direcci\u00f3n de Arquitectura, de la Subsecretar\u00eda de Desarrollo Regional, a trav\u00e9s de la provisi\u00f3n de patrimonio, y por cierto, del Gobierno Reinal de Atacama que tambi\u00e9n aporta los recursos para financiar obras tan importantes como la Iglesia Nuestra Se\u00f1ora del Carmen en Cha\u00f1aral, Santa Rosa de Lima en Freirina, el Edificio Los Portales en la misma comuna, ahora esta, la Casa Maldini Tornini y el Palacete Villa Vi\u00f1a de Cristo que est\u00e1 en plena ejecuci\u00f3n en dependencias de la UDA, adem\u00e1s de terminar los dise\u00f1os del Acueducto Amolanas y la Iglesia Presbiteriana en la comuna de Cha\u00f1aral\u201d.<\/p>\n<p>La primera autoridad de la regi\u00f3n de Atacama, asever\u00f3 que estas obras son una muestra que la cultura nos engrandece y \u201cen eso tenemos que seguir trabajando juntos, porque ese es el desaf\u00edo que tambi\u00e9n implica el proceso de descentralizaci\u00f3n en el cual estamos trabajando, porque necesitamos que las regiones sigan avanzando, y para eso el rescate de nuestra cultura, nuestro patrimonio y la protecci\u00f3n de \u00e9l tambi\u00e9n es muy importante, y m\u00e1s a\u00fan en el mes de Atacama nos parece de\u00a0 trascendental relevancia\u201d.<\/p>\n<p><strong>El Delegado Presidencial de Atacama, Patricio Urquieta Garc\u00eda<\/strong>, asever\u00f3 que desde el Gobierno se ha realizado un gran esfuerzo \u201cpor impulsar la recuperaci\u00f3n de espacios que tienen que estar abiertos a la comunidad, recuperando la historia y proyectando la identidad que tenemos como regi\u00f3n. Hoy d\u00eda estamos inaugurando la casa Maldini Tornini, en la que se ha dedicado mucho esfuerzo por parte del Gobierno a trav\u00e9s de la Subsecretar\u00eda de Desarrollo Regional que financi\u00f3 el dise\u00f1o y m\u00e1s del 40% de la obra en conjunto con el Gobierno Regional que puso la otra mitad de los esfuerzos financieros, y a trav\u00e9s de la Direcci\u00f3n de Arquitectura hemos recuperado un espacio que recoge lo mejor de la historia que hemos vivido en Atacama, particularmente de la inmigraci\u00f3n de europeos y personas que vinieron a invertir y trabajar en la regi\u00f3n a partir del Mineral Cha\u00f1arcillo que brind\u00f3 una \u00e9poca de auge econ\u00f3mico a la ciudad de Copiap\u00f3. Por eso estamos contentos, porque creemos que hay un esfuerzo que se ha visto de manera conjunta entre diversas instituciones, que ha permitido poner en valor uno de los lugares simb\u00f3licos de Copiap\u00f3\u201d.<\/p>\n<p>La restauraci\u00f3n incluy\u00f3 trabajos en salones multiuso, que ser\u00e1n habilitados para la realizaci\u00f3n de actividades culturales y art\u00edsticas, y la ampliaci\u00f3n de uno de ellos, lo que permitir\u00e1 recibir a mayor cantidad de p\u00fablico. Tambi\u00e9n se realizaron mejoras en los espacios exteriores, como el antejard\u00edn y patio, manteniendo la coherencia con la arquitectura del edificio, y se generaron nuevos ambientes para el encuentro, como una cafeter\u00eda.<\/p>\n<p>El\u00a0<strong>Rector de la Universidad de Atacama, Celso Arias<\/strong>, indic\u00f3 \u201c<em>\u00e9ste es un inmueble hist\u00f3rico, patrimonial, en el cual la Universidad tiene proyectos de desarrollo de vinculaci\u00f3n con el medio, con la comunidad. Esperamos que este inmueble lo utilicen todas las personas de la regi\u00f3n que est\u00e1n asociadas a la cultura y con ello lograr el despegue de nuestro arte y nuestro patrimonio\u201d.<\/em><\/p>\n<p>&nbsp;<\/p>\n<p>El Director Nacional de Arquitectura del Ministerio de Obras P\u00fablicas, Ra\u00fal Irarr\u00e1zabal S\u00e1nchez expres\u00f3 que \u201ccomo unidad t\u00e9cnica del Estado tenemos la misi\u00f3n de contribuir a la construcci\u00f3n de las ciudades y resguardar nuestro patrimonio. Lo realizado en la Casa Maldini Tornini es un ejemplo de este trabajo, ya que puso en valor un espacio significativo para la comunidad, con una restauraci\u00f3n integral de su infraestructura, respetando sus caracter\u00edsticas arquitect\u00f3nicas originales y as\u00ed ser un nuevo espacio para el arte y la cultura de la Regi\u00f3n de Atacama\u201d<\/p>\n<p>Todas las obras se desarrollaron rescatando los atributos arquitect\u00f3nicos y est\u00e9ticos del edificio que data de 1915, y que se caracteriza por sus vitrales que iluminan los salones,\u00a0 los corredores de madera, sus escaleras, y otros detalles, que los hacen un lugar \u00fanico en Copiap\u00f3 y en la regi\u00f3n.<\/p>\n<p>La Casa Maldini Tornini fue construida por el inmigrante italiano Ambrosio Tornini y entregada a su hija al casarse con Luis Maldini. Este matrimonio la habit\u00f3 hasta 1971, siendo comprada al a\u00f1o siguiente por la Universidad de Chile. Pas\u00f3 a manos de la Universidad de Atacama en 1973, siendo utilizada con fines acad\u00e9micos y culturales.<\/p>\n<p>A partir de ahora, el lugar volver\u00e1 a ser el Centro de Extensi\u00f3n de la Universidad de Atacama, y acoger\u00e1 actividades art\u00edsticas culturales, tanto para la comunidad universitaria como para\u00a0\u00a0la ciudadan\u00eda en general.<\/p>\n","protected":false},"excerpt":{"rendered":"<p>En un evento encabezado por el Gobernador Regional de Atacama, Miguel Vargas Correa, el Delegado Presidencial, Patricio Urquieta Garc\u00eda, el Senador Rafael Prohens Espinoza, el&hellip; <\/p>\n","protected":false},"author":2,"featured_media":45625,"comment_status":"open","ping_status":"closed","sticky":false,"template":"","format":"standard","meta":{"footnotes":""},"categories":[7],"tags":[],"class_list":["post-45624","post","type-post","status-publish","format-standard","has-post-thumbnail","hentry","category-atacama"],"_links":{"self":[{"href":"https:\/\/www.radioamigavallenar.cl\/index.php?rest_route=\/wp\/v2\/posts\/45624","targetHints":{"allow":["GET"]}}],"collection":[{"href":"https:\/\/www.radioamigavallenar.cl\/index.php?rest_route=\/wp\/v2\/posts"}],"about":[{"href":"https:\/\/www.radioamigavallenar.cl\/index.php?rest_route=\/wp\/v2\/types\/post"}],"author":[{"embeddable":true,"href":"https:\/\/www.radioamigavallenar.cl\/index.php?rest_route=\/wp\/v2\/users\/2"}],"replies":[{"embeddable":true,"href":"https:\/\/www.radioamigavallenar.cl\/index.php?rest_route=%2Fwp%2Fv2%2Fcomments&post=45624"}],"version-history":[{"count":2,"href":"https:\/\/www.radioamigavallenar.cl\/index.php?rest_route=\/wp\/v2\/posts\/45624\/revisions"}],"predecessor-version":[{"id":45630,"href":"https:\/\/www.radioamigavallenar.cl\/index.php?rest_route=\/wp\/v2\/posts\/45624\/revisions\/45630"}],"wp:featuredmedia":[{"embeddable":true,"href":"https:\/\/www.radioamigavallenar.cl\/index.php?rest_route=\/wp\/v2\/media\/45625"}],"wp:attachment":[{"href":"https:\/\/www.radioamigavallenar.cl\/index.php?rest_route=%2Fwp%2Fv2%2Fmedia&parent=45624"}],"wp:term":[{"taxonomy":"category","embeddable":true,"href":"https:\/\/www.radioamigavallenar.cl\/index.php?rest_route=%2Fwp%2Fv2%2Fcategories&post=45624"},{"taxonomy":"post_tag","embeddable":true,"href":"https:\/\/www.radioamigavallenar.cl\/index.php?rest_route=%2Fwp%2Fv2%2Ftags&post=45624"}],"curies":[{"name":"wp","href":"https:\/\/api.w.org\/{rel}","templated":true}]}}