{"id":45621,"date":"2021-10-08T06:00:02","date_gmt":"2021-10-08T09:00:02","guid":{"rendered":"https:\/\/www.radioamigavallenar.cl\/?p=45621"},"modified":"2021-10-07T22:17:15","modified_gmt":"2021-10-08T01:17:15","slug":"el-25-de-los-proyectos-hidrogeno-verde-comenzarian-sus-operaciones-y-estarian-produciendolo-antes-del-2030","status":"publish","type":"post","link":"https:\/\/www.radioamigavallenar.cl\/?p=45621","title":{"rendered":"\u201cEl 25% de los proyectos hidr\u00f3geno verde comenzar\u00edan sus operaciones y estar\u00edan produci\u00e9ndolo antes del 2030\u201d"},"content":{"rendered":"<ul type=\"disc\">\n<li class=\"x_MsoListParagraphCxSpFirst\"><b>En el marco de la conmemoraci\u00f3n del D\u00eda Internacional del Hidr\u00f3geno verde, el ministro Jobet destac\u00f3 los avances concretos de Chile en este nuevo polo de desarrollo para los chilenos.<\/b><\/li>\n<li class=\"x_MsoListParagraphCxSpMiddle\"><b>Se refiri\u00f3 a la construcci\u00f3n en Magallanes del proyecto de hidr\u00f3geno verde m\u00e1s grande de Chile y Latinoam\u00e9rica, y uno de los m\u00e1s grandes del mundo.<\/b><\/li>\n<li class=\"x_MsoListParagraphCxSpMiddle\"><b>Destac\u00f3 que Chile ya haya comenzado con la producci\u00f3n de la primera mol\u00e9cula de h2v para ser utilizada en miner\u00eda.<\/b><\/li>\n<li class=\"x_MsoListParagraphCxSpLast\"><b>Recalc\u00f3 al anuncio del primer proyecto de Latinoam\u00e9rica que usar\u00e1 las redes de gas para inyectar hidr\u00f3geno verde, en Coquimbo.\u00a0<\/b><\/li>\n<\/ul>\n<p class=\"x_MsoNormal\"><b>\u00a0<\/b><\/p>\n<p class=\"x_MsoNormal\">Hoy 8 de octubre se celebra el D\u00eda Internacional del hidr\u00f3geno verde, y en ese contexto, el Ministro de Energ\u00eda y Miner\u00eda, Juan Carlos Jobet, se refiri\u00f3 a los avances concretos de Chile en esta materia, destacando que \u201ccuando lanzamos la estrategia nacional de h2 hab\u00edan 20 proyectos en carpeta.\u00a0 Hoy, ese n\u00famero se ha triplicado, llegando a m\u00e1s de 60 proyectos, en distintas fases de desarrollo\u201d.<\/p>\n<p class=\"x_MsoNormal\">En ese sentido, el Ministro anunci\u00f3 que de los 60 proyectos que hay en carpeta \u201cel 25% comenzar\u00edan sus operaciones y estar\u00edan produciendo hidr\u00f3geno verde antes del fin de esta d\u00e9cada\u201d.<\/p>\n<p class=\"x_MsoNormal\">La autoridad hizo hincapi\u00e9 en que Chile est\u00e1 a la vanguardia mundial en el desarrollo de esta nueva industria: \u201cNo s\u00f3lo porque en nuestro pa\u00eds se est\u00e9 construyendo el proyecto m\u00e1s grande de Latinoam\u00e9rica en Magallanes, sino que tambi\u00e9n porque ya se produjo la primera mol\u00e9cula de hidr\u00f3geno verde para la miner\u00eda, y porque anunciamos el primer proyecto para inyectar hidr\u00f3geno en las redes de gas, entre otras cosas\u201d.<\/p>\n<p class=\"x_MsoNormal\">El ministro Jobet tambi\u00e9n destac\u00f3 las iniciativas que se est\u00e1n realizando desde el Ministerio de Energ\u00eda para impulsar el desarrollo local de esta nueva industria, publicando tres gu\u00edas que habilitar\u00e1n y facilitar\u00e1n la introducci\u00f3n de tecnolog\u00edas de H2 como combustible, as\u00ed como en aplicaciones en miner\u00eda y transporte. \u201cHemos agilizado los procesos de aprobaci\u00f3n de permisos para la implementaci\u00f3n de proyectos piloto\u201d agreg\u00f3.<\/p>\n<p class=\"x_MsoNormal\">En ese sentido, tambi\u00e9n se refiri\u00f3 a la primera aceleradora de hidr\u00f3geno verde de Chile que lanzaron el Ministerio de Energ\u00eda junto a la Agencia de Sostenibilidad Energ\u00e9tica este a\u00f1o, para incentivar el uso de hidr\u00f3geno en diversas aplicaciones mediante la articulaci\u00f3n de empresas e instituciones, facilitando la identificaci\u00f3n de roles complementarios entre ellas, y generando capacidades habilitantes para el desarrollo de etapas tempranas en proyectos de uso de hidr\u00f3geno.<\/p>\n<p class=\"x_MsoNormal\">En cuanto a materia internacional, Jobet destac\u00f3 que durante este a\u00f1o Chile ha avanzado fuertemente en el posicionamiento internacional para ser l\u00edderes de esta nueva industria: \u201cEn s\u00f3lo unos meses ya hemos firmado 7 acuerdos internacionales para trabajar colaborativamente con distintos pa\u00edses e impulsar el hidr\u00f3geno verde en Chile. Entre esos acuerdos destacan las iniciativas firmadas con Reino Unido, Alemania, Francia, Pa\u00edses Bajos y B\u00e9lgica. Tambi\u00e9n destacan los MoU (Memor\u00e1ndum de Entendimiento, por sus siglas en ingl\u00e9s) que se firmaron a comienzo de este a\u00f1o con el Puerto de Rotterdam, el m\u00e1s grande de Europa y el de Singapur, para poder llegar a los mercados asi\u00e1ticos.<\/p>\n<p class=\"x_MsoNormal\">Finalmente, el Ministro destac\u00f3 que Chile es parte de las iniciativas mundiales que est\u00e1n impulsado el desarrollo del hidr\u00f3geno. Entre ellas destacan H2 Global, CEM\/ MI , IPHE y P4G.<\/p>\n","protected":false},"excerpt":{"rendered":"<p>En el marco de la conmemoraci\u00f3n del D\u00eda Internacional del Hidr\u00f3geno verde, el ministro Jobet destac\u00f3 los avances concretos de Chile en este nuevo polo&hellip; <\/p>\n","protected":false},"author":2,"featured_media":45622,"comment_status":"open","ping_status":"closed","sticky":false,"template":"","format":"standard","meta":{"footnotes":""},"categories":[38],"tags":[],"class_list":["post-45621","post","type-post","status-publish","format-standard","has-post-thumbnail","hentry","category-portada-regional"],"_links":{"self":[{"href":"https:\/\/www.radioamigavallenar.cl\/index.php?rest_route=\/wp\/v2\/posts\/45621","targetHints":{"allow":["GET"]}}],"collection":[{"href":"https:\/\/www.radioamigavallenar.cl\/index.php?rest_route=\/wp\/v2\/posts"}],"about":[{"href":"https:\/\/www.radioamigavallenar.cl\/index.php?rest_route=\/wp\/v2\/types\/post"}],"author":[{"embeddable":true,"href":"https:\/\/www.radioamigavallenar.cl\/index.php?rest_route=\/wp\/v2\/users\/2"}],"replies":[{"embeddable":true,"href":"https:\/\/www.radioamigavallenar.cl\/index.php?rest_route=%2Fwp%2Fv2%2Fcomments&post=45621"}],"version-history":[{"count":1,"href":"https:\/\/www.radioamigavallenar.cl\/index.php?rest_route=\/wp\/v2\/posts\/45621\/revisions"}],"predecessor-version":[{"id":45623,"href":"https:\/\/www.radioamigavallenar.cl\/index.php?rest_route=\/wp\/v2\/posts\/45621\/revisions\/45623"}],"wp:featuredmedia":[{"embeddable":true,"href":"https:\/\/www.radioamigavallenar.cl\/index.php?rest_route=\/wp\/v2\/media\/45622"}],"wp:attachment":[{"href":"https:\/\/www.radioamigavallenar.cl\/index.php?rest_route=%2Fwp%2Fv2%2Fmedia&parent=45621"}],"wp:term":[{"taxonomy":"category","embeddable":true,"href":"https:\/\/www.radioamigavallenar.cl\/index.php?rest_route=%2Fwp%2Fv2%2Fcategories&post=45621"},{"taxonomy":"post_tag","embeddable":true,"href":"https:\/\/www.radioamigavallenar.cl\/index.php?rest_route=%2Fwp%2Fv2%2Ftags&post=45621"}],"curies":[{"name":"wp","href":"https:\/\/api.w.org\/{rel}","templated":true}]}}