{"id":45618,"date":"2021-10-08T06:00:00","date_gmt":"2021-10-08T09:00:00","guid":{"rendered":"https:\/\/www.radioamigavallenar.cl\/?p=45618"},"modified":"2021-10-07T22:12:09","modified_gmt":"2021-10-08T01:12:09","slug":"core-atacama-aprobo-mas-de-2-mil-500-millones-para-mejorar-sistema-de-agua-potable-rural-en-domeyko","status":"publish","type":"post","link":"https:\/\/www.radioamigavallenar.cl\/?p=45618","title":{"rendered":"CORE Atacama aprob\u00f3 m\u00e1s de 2 mil 500 millones para mejorar sistema de agua potable rural en Domeyko"},"content":{"rendered":"<p>Se trata de un proyecto de conservaci\u00f3n de servicios sanitarios rurales en beneficio de sus habitantes.<\/p>\n<p>&nbsp;<\/p>\n<p>En una nueva Sesi\u00f3n Ordinaria del Consejo Regional se vot\u00f3 a favor de la solicitud del Gobernador de Atacama, Miguel Vargas Correa, para aprobar 2 mil 593 millones 485 pesos para mejoramiento del sistema de agua potable rural, APR, de Domeyko, comuna de Vallenar.<\/p>\n<p>La inversi\u00f3n sectorial permitir\u00e1 ejecutar el proyecto a cargo del MOP Atacama, mediante su Direcci\u00f3n de Obras Hidr\u00e1ulicas, beneficiando a una poblaci\u00f3n de 1.245 personas del sector.<\/p>\n<p>En la ocasi\u00f3n, el Gobernador de Atacama y Presidente del CORE, Miguel Vargas, se\u00f1al\u00f3 que \u201cson obras que permiten asegurar el suministro de agua potable y representa un paso m\u00e1s en esta gran tarea que tenemos en la regi\u00f3n, que es de dotar de servicios b\u00e1sicos a todas las realidades rurales\u201d.<\/p>\n<p>La autoridad mencion\u00f3 adem\u00e1s que \u201cdebemos avanzar en la red de alcantarillado, los sistemas de tratamiento de aguas servidas, es un compromiso que hemos asumido tambi\u00e9n en el Consejo Regional. Quiero destacar la intenci\u00f3n del CORE para avanzar en un diagn\u00f3stico o catastro de todas nuestras localidades rurales para saber cu\u00e1les son sus necesidades fundamentales. Hemos propuesto la firma de un convenio de programaci\u00f3n entre el GORE y Obras Hidr\u00e1ulicas para seguir mejorando los APR y construir en sectores donde no hay, como San Antonio, y en algunas caletas de pescadores. Existe un gran compromiso del Consejo Regional por las grandes obras que necesita Atacama\u201d, precis\u00f3 el Gobernador Regional, Miguel Vargas.<\/p>\n<p>&nbsp;<\/p>\n<p>DISTRIBUCI\u00d3N<\/p>\n<p>Asimismo, la Presidenta de la Comisi\u00f3n Provincial de Huasco, del CORE Atacama, Fabiola P\u00e9rez, sostuvo que \u201cel abordar la problem\u00e1tica h\u00eddrica de Domeyko, Cachiyuyo, Incahuasi, Carrizalillo y Cha\u00f1aral de Aceituno, ha sido una de las prioridades que hemos planteado en nuestro trabajo. La aprobaci\u00f3n de este proyecto de APR es un gran avance para dar respuesta a las necesidades cotidianas que presentan, como es el corte del suministro que atentan contra lo que es la calidad de vida y la dignidad de sus habitantes. Resolverlo es prioritario para este Consejo y para el Gobierno Regional, para asegurar que nuestras comunidades tengan acceso al agua potable rural, as\u00ed como avanzar en el saneamiento sanitario y en la electrificaci\u00f3n\u201d, explic\u00f3 la CORE P\u00e9rez.<\/p>\n<p>Mientras que, el Presidente de la Comisi\u00f3n de Inversiones, del Consejo Regional, Gabriel Manquez, recalc\u00f3 que \u201csi bien valoramos que con los recursos aprobados se lograr\u00e1 mejorar la distribuci\u00f3n de agua, creemos que debemos comenzar a pensar como Estado, y no como gobierno, soluciones m\u00e1s permanentes, es decir, que las inversiones que se puedan hacer resuelvan los problemas por largo tiempo y que no estemos constantemente generando inversi\u00f3n y resolviendo de acuerdo a las coyunturas que se nos van presentando. Apoyamos las iniciativas, pero se debe generar una pol\u00edtica de inversi\u00f3n p\u00fablica que haga que esta sea m\u00e1s permanente y que logre mejor soluci\u00f3n a los problemas b\u00e1sicos como son el agua y la luz\u201d, puntualiz\u00f3 el CORE Manquez.<\/p>\n<p>&nbsp;<\/p>\n<p>HISTORIA<\/p>\n<p>El programa de Agua Potable Rural, APR, a cargo del Ministerio de Obras P\u00fablicas, surge en nuestro pa\u00eds en 1964 mediante el Plan B\u00e1sico de Saneamiento Rural.<\/p>\n<p>Seg\u00fan antecedentes oficiales, a diciembre de 2019, existen en Chile 1.939 sistemas de agua potable rural, con m\u00e1s de un mill\u00f3n ochocientos beneficiarios. En el caso de Atacama, hasta el a\u00f1o 2019 sumaban un total de 41 APR, abasteciendo a m\u00e1s de 17.937 personas con agua potable, aportando con el desarrollo de las comunidades.<\/p>\n","protected":false},"excerpt":{"rendered":"<p>Se trata de un proyecto de conservaci\u00f3n de servicios sanitarios rurales en beneficio de sus habitantes. &nbsp; En una nueva Sesi\u00f3n Ordinaria del Consejo Regional&hellip; <\/p>\n","protected":false},"author":2,"featured_media":45619,"comment_status":"open","ping_status":"closed","sticky":false,"template":"","format":"standard","meta":{"footnotes":""},"categories":[7],"tags":[],"class_list":["post-45618","post","type-post","status-publish","format-standard","has-post-thumbnail","hentry","category-atacama"],"_links":{"self":[{"href":"https:\/\/www.radioamigavallenar.cl\/index.php?rest_route=\/wp\/v2\/posts\/45618","targetHints":{"allow":["GET"]}}],"collection":[{"href":"https:\/\/www.radioamigavallenar.cl\/index.php?rest_route=\/wp\/v2\/posts"}],"about":[{"href":"https:\/\/www.radioamigavallenar.cl\/index.php?rest_route=\/wp\/v2\/types\/post"}],"author":[{"embeddable":true,"href":"https:\/\/www.radioamigavallenar.cl\/index.php?rest_route=\/wp\/v2\/users\/2"}],"replies":[{"embeddable":true,"href":"https:\/\/www.radioamigavallenar.cl\/index.php?rest_route=%2Fwp%2Fv2%2Fcomments&post=45618"}],"version-history":[{"count":1,"href":"https:\/\/www.radioamigavallenar.cl\/index.php?rest_route=\/wp\/v2\/posts\/45618\/revisions"}],"predecessor-version":[{"id":45620,"href":"https:\/\/www.radioamigavallenar.cl\/index.php?rest_route=\/wp\/v2\/posts\/45618\/revisions\/45620"}],"wp:featuredmedia":[{"embeddable":true,"href":"https:\/\/www.radioamigavallenar.cl\/index.php?rest_route=\/wp\/v2\/media\/45619"}],"wp:attachment":[{"href":"https:\/\/www.radioamigavallenar.cl\/index.php?rest_route=%2Fwp%2Fv2%2Fmedia&parent=45618"}],"wp:term":[{"taxonomy":"category","embeddable":true,"href":"https:\/\/www.radioamigavallenar.cl\/index.php?rest_route=%2Fwp%2Fv2%2Fcategories&post=45618"},{"taxonomy":"post_tag","embeddable":true,"href":"https:\/\/www.radioamigavallenar.cl\/index.php?rest_route=%2Fwp%2Fv2%2Ftags&post=45618"}],"curies":[{"name":"wp","href":"https:\/\/api.w.org\/{rel}","templated":true}]}}