{"id":45615,"date":"2021-10-08T06:00:07","date_gmt":"2021-10-08T09:00:07","guid":{"rendered":"https:\/\/www.radioamigavallenar.cl\/?p=45615"},"modified":"2021-10-07T22:10:25","modified_gmt":"2021-10-08T01:10:25","slug":"importante-avance-presentan-los-trabajos-que-se-encuentra-ejecutando-el-mop-en-el-acceso-sur-a-la-ciudad-de-copiapo","status":"publish","type":"post","link":"https:\/\/www.radioamigavallenar.cl\/?p=45615","title":{"rendered":"Importante avance presentan los trabajos que se encuentra ejecutando el MOP en el Acceso Sur a la ciudad de Copiap\u00f3"},"content":{"rendered":"<p>En esta zona existe gran flujo vehicular debido a que es un sector industrial donde varias empresas se encuentran emplazadas en ambos costados de la ruta, por eso mismo el MOP dise\u00f1\u00f3 proyectos con el objetivo de regular y dar mayor seguridad vial ante los frecuentes movimientos existentes en el lugar.<\/p>\n<p>&nbsp;<\/p>\n<p>\u00b7 Este proyecto contribuye a la Reactivaci\u00f3n Econ\u00f3mica de la regi\u00f3n, adem\u00e1s de generar empleos.<\/p>\n<p>&nbsp;<\/p>\n<p>Hasta la Cuesta Cardones ubicada en el acceso Sur a la ciudad de Copiap\u00f3 en la Ruta 30 (ex ruta 5), lleg\u00f3 el Seremi del MOP, Alfredo Campbell Aguilar, para constatar en terreno el avance de los trabajos que se encuentra ejecutando el MOP trav\u00e9s de su Direcci\u00f3n Regional de Vialidad y que contribuir\u00e1n directamente a mejorar la seguridad vial del sector y mejorar la fachada de la entrada a la capital regional.<\/p>\n<p>En el lugar el Seremi del MOP, inform\u00f3, \u201cel MOP Atacama se encuentra ejecutando 3 contratos, el primero es la reposici\u00f3n de la ruta 30 (ex Ruta 5), sector enlace Traves\u00eda- Copiap\u00f3, este proyecto alcanza un 36% de avance y una inversi\u00f3n aproximada a los $9.808 millones de pesos y corresponde a un mejoramiento integral de la Ruta 30 que tiene el acceso sur a la ciudad de Copiap\u00f3. Estas obras consideran la pavimentaci\u00f3n de la carpeta asf\u00e1ltica de la calzada principal que tiene una longitud de 5.642 metros lineales, adem\u00e1s de la pavimentaci\u00f3n de la calles de servicio de ambos costados en una longitud aproximada de 2.442 metros lineales\u201d.<\/p>\n<p>Campbell agreg\u00f3, \u201cdentro de este contrato tambi\u00e9n consideramos la construcci\u00f3n de una pista de tr\u00e1nsito lento, sectores de estacionamiento, elementos de seguridad Vial, barreras met\u00e1licas, luminarias y dos piscinas para la contenci\u00f3n de aguas lluvias que permitir\u00e1n mejorar el servicio de la ruta ante eventos meteorol\u00f3gicos adversos\u201d.<\/p>\n<p>El segundo contrato que alcanza un 65% de avance corresponde a la Conservaci\u00f3n de seguridad Vial en pasadas zonas urbanas Traves\u00eda ruta 30 Sector Acceso Sur de Copiap\u00f3 desde el Km 17,642 al Km 21,600, donde se contempla efectuar la conservaci\u00f3n de aceras para peatones y soleras. \u201cEl proyecto alcanza una inversi\u00f3n aproximada a los $1.482 millones de pesos y tambi\u00e9n considera la construcci\u00f3n de soleras y aceras para el tr\u00e1nsito peatonal las cuales contaran con iluminaci\u00f3n fotovoltaicas solares, adem\u00e1s de la plantaci\u00f3n de \u00e1rboles (Jacaranda) en ambos costados de la calle de Servicio, con la finalidad de hermosear el acceso principal de la ciudad de Copiap\u00f3\u201d, se\u00f1al\u00f3 el Seremi.<\/p>\n<p>Este proyecto considera unir la calle de servicio existente en Avenida Henr\u00edquez hasta conectar con la caletera ejecutada por Terrapuerto.<\/p>\n<p>El tercer contrato en ejecuci\u00f3n consiste en el mejoramiento integral de la ruta, donde se presentan dos calles de servicio que ser\u00e1n pavimentadas con un tratamiento tipo Cape Seal y ejecutadas a trav\u00e9s de la Administraci\u00f3n Directa de las Direcci\u00f3n Regional de Vialidad MOP (trabajadores y maquinaria).<\/p>\n<p>Para finalizar el Seremi del MOP indic\u00f3, \u201clas carreteras y toda obra vial, son importantes porque facilitan y contribuye a mejorar la calidad de vida de las personas, aportan al tr\u00e1nsito fluido de sus usuarios. Es por eso que como Gobierno a trav\u00e9s del Ministerio de Obras P\u00fablicas, estamos preocupados de ejecutar obras que entreguen mayor seguridad y bienestar a la comunidad, adem\u00e1s de contribuir a la Reactivaci\u00f3n Econ\u00f3mica de la regi\u00f3n y al incremento en la mano de obra que en esta oportunidad suman un total de 122 personas al mes\u201d.<\/p>\n","protected":false},"excerpt":{"rendered":"<p>En esta zona existe gran flujo vehicular debido a que es un sector industrial donde varias empresas se encuentran emplazadas en ambos costados de la&hellip; <\/p>\n","protected":false},"author":2,"featured_media":45616,"comment_status":"open","ping_status":"closed","sticky":false,"template":"","format":"standard","meta":{"footnotes":""},"categories":[38],"tags":[],"class_list":["post-45615","post","type-post","status-publish","format-standard","has-post-thumbnail","hentry","category-portada-regional"],"_links":{"self":[{"href":"https:\/\/www.radioamigavallenar.cl\/index.php?rest_route=\/wp\/v2\/posts\/45615","targetHints":{"allow":["GET"]}}],"collection":[{"href":"https:\/\/www.radioamigavallenar.cl\/index.php?rest_route=\/wp\/v2\/posts"}],"about":[{"href":"https:\/\/www.radioamigavallenar.cl\/index.php?rest_route=\/wp\/v2\/types\/post"}],"author":[{"embeddable":true,"href":"https:\/\/www.radioamigavallenar.cl\/index.php?rest_route=\/wp\/v2\/users\/2"}],"replies":[{"embeddable":true,"href":"https:\/\/www.radioamigavallenar.cl\/index.php?rest_route=%2Fwp%2Fv2%2Fcomments&post=45615"}],"version-history":[{"count":1,"href":"https:\/\/www.radioamigavallenar.cl\/index.php?rest_route=\/wp\/v2\/posts\/45615\/revisions"}],"predecessor-version":[{"id":45617,"href":"https:\/\/www.radioamigavallenar.cl\/index.php?rest_route=\/wp\/v2\/posts\/45615\/revisions\/45617"}],"wp:featuredmedia":[{"embeddable":true,"href":"https:\/\/www.radioamigavallenar.cl\/index.php?rest_route=\/wp\/v2\/media\/45616"}],"wp:attachment":[{"href":"https:\/\/www.radioamigavallenar.cl\/index.php?rest_route=%2Fwp%2Fv2%2Fmedia&parent=45615"}],"wp:term":[{"taxonomy":"category","embeddable":true,"href":"https:\/\/www.radioamigavallenar.cl\/index.php?rest_route=%2Fwp%2Fv2%2Fcategories&post=45615"},{"taxonomy":"post_tag","embeddable":true,"href":"https:\/\/www.radioamigavallenar.cl\/index.php?rest_route=%2Fwp%2Fv2%2Ftags&post=45615"}],"curies":[{"name":"wp","href":"https:\/\/api.w.org\/{rel}","templated":true}]}}