{"id":45612,"date":"2021-10-08T06:00:28","date_gmt":"2021-10-08T09:00:28","guid":{"rendered":"https:\/\/www.radioamigavallenar.cl\/?p=45612"},"modified":"2021-10-07T22:08:50","modified_gmt":"2021-10-08T01:08:50","slug":"cmp-y-municipio-de-caldera-lanzan-programa-para-apoyar-a-negocios-locales-y-sector-turistico-de-caldera","status":"publish","type":"post","link":"https:\/\/www.radioamigavallenar.cl\/?p=45612","title":{"rendered":"CMP y municipio de Caldera lanzan programa para apoyar a negocios locales y sector tur\u00edstico de Caldera"},"content":{"rendered":"<ul type=\"disc\">\n<li class=\"x_MsoNormal\"><b>Caldera Impulsa cuenta con 80 cupos, y se desarrolla en conjunto con Aguas CAP y desaf\u00edo Levantemos Chile.<\/b><b><\/b><\/li>\n<li class=\"x_MsoNormal\"><b>Las postulaciones ser\u00e1n desde 12 al 24 de octubre directo en la municipalidad o la p\u00e1gina web\u00a0<\/b><a href=\"http:\/\/www.caldera.cl\/\" target=\"_blank\" rel=\"noopener noreferrer\" data-auth=\"NotApplicable\" data-linkindex=\"0\"><b>www.caldera.cl<\/b><\/a><b>.<\/b><\/li>\n<\/ul>\n<p class=\"x_MsoNormal\">\n<p class=\"x_MsoNormal\">Con el objetivo de apoyar la reactivaci\u00f3n econ\u00f3mica y brindar sostenibilidad al comercio formal de la comuna de Caldera, Compa\u00f1\u00eda Minera del Pac\u00edfico, junto a la Municipalidad de Caldera, Aguas CAP y Desaf\u00edo Levantemos Chile, lanzaron la segunda versi\u00f3n del Programa Caldera Impulsa, iniciativa que cuenta con 80 cupos para apoyar a peque\u00f1os negocios locales y\/o emprendedores del sector turismo. Las postulaciones ser\u00e1n desde 12 al 24 de octubre directo en el municipio o a trav\u00e9s del sitio web <a href=\"http:\/\/www.caldera.cl\/\" target=\"_blank\" rel=\"noopener noreferrer\" data-auth=\"NotApplicable\" data-linkindex=\"1\">www.caldera.cl<\/a>.<\/p>\n<p class=\"x_MsoNormal\">\n<p class=\"x_MsoNormal\">Caldera Impulsa tambi\u00e9n cuenta con una l\u00ednea de asesor\u00edas, realizadas por Desaf\u00edo Levantemos Chile,\u00a0 para la creaci\u00f3n del plan de negocio y asistencia para capacitaciones. El proyecto tiene como objetivo apoyar a los comercios de la comuna y entregar alternativas de financiamiento para mitigar la baja de ventas y productos durante la crisis sanitaria. El aporte ser\u00e1 de 650 mil pesos por beneficiario, monto con el cual podr\u00e1n invertir en insumos, materiales y\/o maquinarias.<\/p>\n<p class=\"x_MsoNormal\">\n<p class=\"x_MsoNormal\">El subgerente de\u00a0Operaciones\u00a0CMP,\u00a0Valle de Copiap\u00f3, Adolph M\u00f6ller, se\u00f1al\u00f3 que \u201cesta iniciativa busca ampliar nuestro impacto positivo y generar crecimiento compartido en los territorios y su gente. Esperamos que con este trabajo conjunto los 80 beneficiarios de este a\u00f1o tengan una alternativa para mitigar la baja en las ventas y puedan reforzar sus negocios, reactivando la econom\u00eda de la comuna\u201d.<\/p>\n<p class=\"x_MsoNormal\">\n<p class=\"x_MsoNormal\">Por su parte, la alcaldesa de Caldera, Brunilda Gonz\u00e1lez, agreg\u00f3 que \u201ccon este nuevo Caldera Impulsa y la alianza entre el sector p\u00fablico y privado vamos en directo apoyo de 80 emprendedores, 20 de ellos del sector de almacenes de barrio y los otros 60 del \u00e1rea tur\u00edstica. La invitaci\u00f3n es que se atrevan un a\u00f1o m\u00e1s, ya que esta iniciativa permite reactivarnos con el sector privado y el impulso de la municipalidad\u201d.<\/p>\n<p class=\"x_MsoNormal\">\n<p class=\"x_MsoNormal\" style=\"text-align: center;\"><b>\u00bfQui\u00e9nes pueden postular?<\/b><\/p>\n<p class=\"x_MsoNormal\"><b>\u00a0<\/b><\/p>\n<p class=\"x_MsoNormal\">Pueden postular a este programa todos los almacenes de barrio y del sector tur\u00edstico que tengan patente de: tour operadores, agencias de turismo, agencias operadoras de viajes, apart hotel, camping, hoteles, residenciales, restaurantes, servicio de turismo aventura; iniciaci\u00f3n de actividades en primera categor\u00eda hasta el 01 de enero 2019; y que hayan realizado el pago de su patente del primer semestre de 2021.<\/p>\n<p class=\"x_MsoNormal\">\n<p class=\"x_MsoNormal\" style=\"text-align: center;\"><b>Crecimiento compartido en CMP<\/b><\/p>\n<p class=\"x_MsoNormal\">\n<p class=\"x_MsoNormal\">Con el objetivo de maximizar el impacto positivo de CMP en los territorios, de la mano del desarrollo socioecon\u00f3mico sostenible y la creaci\u00f3n de valor compartido, la compa\u00f1\u00eda cuenta con l\u00edneas de acci\u00f3n dirigidas en las comunas donde opera, como por ejemplo la contrataci\u00f3n de mano de obra local, fomento productivo, desarrollo de proveedores locales, emprendimiento local, identidad y cultura, formaci\u00f3n de habilidades y calidad de vida.<\/p>\n<p class=\"x_MsoNormal\">\n<p class=\"x_MsoNormal\">El trabajo se desarrolla fuertemente de la mano de los gobiernos locales y las organizaciones sociales de las comunas, como federaciones y sindicatos de trabajadores del mar, olivicultores, pirquineros, transportistas, comunidades ind\u00edgenas, juntas de vecinos, mujeres, liceos y escuelas.<\/p>\n<p class=\"x_MsoNormal\">\n<p class=\"x_MsoNormal\">Crecer de la mano junto con los territorios es uno de los principales objetivos de CMP, incentivando la participaci\u00f3n, a trav\u00e9s del fortalecimiento del tejido social y alianzas, acerc\u00e1ndose a las necesidades e intereses del entorno que agregan valor para todos y todas.<\/p>\n","protected":false},"excerpt":{"rendered":"<p>Caldera Impulsa cuenta con 80 cupos, y se desarrolla en conjunto con Aguas CAP y desaf\u00edo Levantemos Chile. Las postulaciones ser\u00e1n desde 12 al 24&hellip; <\/p>\n","protected":false},"author":2,"featured_media":45613,"comment_status":"open","ping_status":"closed","sticky":false,"template":"","format":"standard","meta":{"footnotes":""},"categories":[7],"tags":[],"class_list":["post-45612","post","type-post","status-publish","format-standard","has-post-thumbnail","hentry","category-atacama"],"_links":{"self":[{"href":"https:\/\/www.radioamigavallenar.cl\/index.php?rest_route=\/wp\/v2\/posts\/45612","targetHints":{"allow":["GET"]}}],"collection":[{"href":"https:\/\/www.radioamigavallenar.cl\/index.php?rest_route=\/wp\/v2\/posts"}],"about":[{"href":"https:\/\/www.radioamigavallenar.cl\/index.php?rest_route=\/wp\/v2\/types\/post"}],"author":[{"embeddable":true,"href":"https:\/\/www.radioamigavallenar.cl\/index.php?rest_route=\/wp\/v2\/users\/2"}],"replies":[{"embeddable":true,"href":"https:\/\/www.radioamigavallenar.cl\/index.php?rest_route=%2Fwp%2Fv2%2Fcomments&post=45612"}],"version-history":[{"count":1,"href":"https:\/\/www.radioamigavallenar.cl\/index.php?rest_route=\/wp\/v2\/posts\/45612\/revisions"}],"predecessor-version":[{"id":45614,"href":"https:\/\/www.radioamigavallenar.cl\/index.php?rest_route=\/wp\/v2\/posts\/45612\/revisions\/45614"}],"wp:featuredmedia":[{"embeddable":true,"href":"https:\/\/www.radioamigavallenar.cl\/index.php?rest_route=\/wp\/v2\/media\/45613"}],"wp:attachment":[{"href":"https:\/\/www.radioamigavallenar.cl\/index.php?rest_route=%2Fwp%2Fv2%2Fmedia&parent=45612"}],"wp:term":[{"taxonomy":"category","embeddable":true,"href":"https:\/\/www.radioamigavallenar.cl\/index.php?rest_route=%2Fwp%2Fv2%2Fcategories&post=45612"},{"taxonomy":"post_tag","embeddable":true,"href":"https:\/\/www.radioamigavallenar.cl\/index.php?rest_route=%2Fwp%2Fv2%2Ftags&post=45612"}],"curies":[{"name":"wp","href":"https:\/\/api.w.org\/{rel}","templated":true}]}}