{"id":45609,"date":"2021-10-08T06:00:05","date_gmt":"2021-10-08T09:00:05","guid":{"rendered":"https:\/\/www.radioamigavallenar.cl\/?p=45609"},"modified":"2021-10-07T22:06:15","modified_gmt":"2021-10-08T01:06:15","slug":"convertiran-leyendas-y-mitos-de-atacama-en-audiocuento-binaural-gratuito","status":"publish","type":"post","link":"https:\/\/www.radioamigavallenar.cl\/?p=45609","title":{"rendered":"Convertir\u00e1n leyendas y mitos de Atacama en audiocuento binaural gratuito"},"content":{"rendered":"<p>Cinco de las leyendas y mitos m\u00e1s reconocidos de nuestra regi\u00f3n fueron los elegidos para dar vida a un audiocuento binaural que en pocos meses llegar\u00e1 hasta los o\u00eddos de la comunidad atacame\u00f1a a trav\u00e9s de plataformas digitales como Spotify o YouTube<\/p>\n<p>Se trata de\u00a0<strong>Leyendas y Mitos de Atacama en Audiocuento:\u00a0<\/strong>\u201c<strong>Fomentando el Patrimonio, Identidad Cultural Regional y Conservaci\u00f3n Patrimonial de Atacama\u201d<\/strong>, proyecto ejecutado por Agrupaci\u00f3n Social Cultural y Deportiva Terra, apoyada por el\u00a0<strong>Gobierno Regional de Atacama<\/strong>\u00a0a trav\u00e9s de la glosa de actividades culturales \u2013 proceso 2021 del\u00a0<strong>Fondo Nacional de Desarrollo Regional<\/strong>\u00a0(FNDR) y nacida de la preocupaci\u00f3n por fortalecer el acontecer cultural regional a trav\u00e9s de la salvaguarda del patrimonio de Atacama.<\/p>\n<p>En definitiva son\u00a0<em>Pichanga del Pata e\u00b4Cabra, Vampiro de Caldera, Padre Negro, Fraga y Gua\u00f1a Gua\u00f1a<\/em>\u00a0los textos seleccionados para dar forma a un libreto que buscar ser atractivo para ni\u00f1os y adolescentes con el fin de acercar nuestra tradici\u00f3n a las nuevas audiencias. Adem\u00e1s se ha optado por el formato binaural, vanguardia en cuanto a t\u00e9cnica sonora para la generaci\u00f3n de contenidos digitales, exclusivo de\u00a0<strong>Pimiento Estudio<\/strong>\u00a0en la regi\u00f3n de Atacama.<\/p>\n<p>Seg\u00fan explica el productor Mauro Lamas\u00a0<em>\u201ceste formato pone en valor el sentido de la audici\u00f3n por encima del visual, fomentando que quienes escuchen este material puedan crear su propio imaginario sin necesidad de depender de los estereotipos visuales\u201d.<\/em><\/p>\n<p>Cabe destacar que la producci\u00f3n estar\u00e1 a cargo de\u00a0<strong>Flamenco Negro Producciones<\/strong>\u00a0m\u00e1s un s\u00f3lido equipo de libretistas, actores y t\u00e9cnicos de la regi\u00f3n. Igualmente la obra contar\u00e1 con m\u00fasica compuesta por Mauro Lamas exclusivamente para ella.<\/p>\n","protected":false},"excerpt":{"rendered":"<p>Cinco de las leyendas y mitos m\u00e1s reconocidos de nuestra regi\u00f3n fueron los elegidos para dar vida a un audiocuento binaural que en pocos meses&hellip; <\/p>\n","protected":false},"author":2,"featured_media":45610,"comment_status":"open","ping_status":"closed","sticky":false,"template":"","format":"standard","meta":{"footnotes":""},"categories":[7],"tags":[],"class_list":["post-45609","post","type-post","status-publish","format-standard","has-post-thumbnail","hentry","category-atacama"],"_links":{"self":[{"href":"https:\/\/www.radioamigavallenar.cl\/index.php?rest_route=\/wp\/v2\/posts\/45609","targetHints":{"allow":["GET"]}}],"collection":[{"href":"https:\/\/www.radioamigavallenar.cl\/index.php?rest_route=\/wp\/v2\/posts"}],"about":[{"href":"https:\/\/www.radioamigavallenar.cl\/index.php?rest_route=\/wp\/v2\/types\/post"}],"author":[{"embeddable":true,"href":"https:\/\/www.radioamigavallenar.cl\/index.php?rest_route=\/wp\/v2\/users\/2"}],"replies":[{"embeddable":true,"href":"https:\/\/www.radioamigavallenar.cl\/index.php?rest_route=%2Fwp%2Fv2%2Fcomments&post=45609"}],"version-history":[{"count":1,"href":"https:\/\/www.radioamigavallenar.cl\/index.php?rest_route=\/wp\/v2\/posts\/45609\/revisions"}],"predecessor-version":[{"id":45611,"href":"https:\/\/www.radioamigavallenar.cl\/index.php?rest_route=\/wp\/v2\/posts\/45609\/revisions\/45611"}],"wp:featuredmedia":[{"embeddable":true,"href":"https:\/\/www.radioamigavallenar.cl\/index.php?rest_route=\/wp\/v2\/media\/45610"}],"wp:attachment":[{"href":"https:\/\/www.radioamigavallenar.cl\/index.php?rest_route=%2Fwp%2Fv2%2Fmedia&parent=45609"}],"wp:term":[{"taxonomy":"category","embeddable":true,"href":"https:\/\/www.radioamigavallenar.cl\/index.php?rest_route=%2Fwp%2Fv2%2Fcategories&post=45609"},{"taxonomy":"post_tag","embeddable":true,"href":"https:\/\/www.radioamigavallenar.cl\/index.php?rest_route=%2Fwp%2Fv2%2Ftags&post=45609"}],"curies":[{"name":"wp","href":"https:\/\/api.w.org\/{rel}","templated":true}]}}