{"id":45598,"date":"2021-10-07T12:42:28","date_gmt":"2021-10-07T15:42:28","guid":{"rendered":"https:\/\/www.radioamigavallenar.cl\/?p=45598"},"modified":"2021-10-07T12:42:28","modified_gmt":"2021-10-07T15:42:28","slug":"operadores-estiman-que-banco-central-subira-con-fuerza-la-tasa-de-interes-en-octubre-y-preven-alto-ipc-de-septiembre","status":"publish","type":"post","link":"https:\/\/www.radioamigavallenar.cl\/?p=45598","title":{"rendered":"Operadores estiman que Banco Central subir\u00e1 con fuerza la tasa de inter\u00e9s en octubre y prev\u00e9n alto IPC de septiembre"},"content":{"rendered":"<p>Seg\u00fan los expertos consultados en la EOF, se espera que la tasa de pol\u00edtica monetaria llegue a 4% en marzo de 2022.<\/p>\n<p>Los 58 expertos consultados por el Banco Central en su Encuesta de Operadores Financieros (EOF) esperan que el ente rector aplique dos fuertes alzas m\u00e1s a la Tasa de Pol\u00edtica Monetaria (TPM) este 2021.<\/p>\n<p>De este modo, los analistas anticipan que la entidad presidida por Mario Marcel aplique un nuevo incremento de 75 puntos base a la tasa de referencia en la reuni\u00f3n que llevar\u00e1 a cabo entre el 12 y 13 de este mes, para dejarla en 2,25% (actualmente est\u00e1 en 1,50%). Posteriormente, en diciembre, en su \u00faltima Reuni\u00f3n de Pol\u00edtica Monetaria del a\u00f1o, el instituto emisor volver\u00eda a subir la TPM en 75 puntos base, para que cierre el 2021 en 3%. Esto corresponde a un salto de 25 puntos base respecto a la \u00faltima proyecci\u00f3n dada a conocer a finales de septiembre (2,75%).<\/p>\n<p>Adem\u00e1s, los expertos prev\u00e9n que el Banco Central seguir\u00eda normalizando la tasa de inter\u00e9s de referencia los primeros meses de 2022, a fin de que esta vuelva a su nivel neutral en enero de 2022 (en torno a 3,5%), para que luego avance hacia 4% y 4,25% en las reuniones de marzo y mayo, respectivamente, y toque un m\u00e1ximo de 4,50% en octubre del otro a\u00f1o.<\/p>\n<p>Sobre la inflaci\u00f3n, los expertos encuestados en la EOF esperan que el \u00cdndice de Precios al Consumidor (IPC) alcance un 0,8% en septiembre, prev\u00e9n que sea de 0,7% en octubre y 0,4% en noviembre. Con ello, se espera que en doce meses, la inflaci\u00f3n anual en el pa\u00eds registre una variaci\u00f3n de 4,70%, superior a lo proyectado en la encuesta de septiembre.<\/p>\n<p>En cuanto al tipo de cambio, los analistas ven que el d\u00f3lar se ubique en torno a $815 en los pr\u00f3ximos siete d\u00edas y en $820 en los pr\u00f3ximos 28 d\u00edas. La EOF est\u00e1 dirigida a las personas responsables de las decisiones financieras de cada instituci\u00f3n invitada a participar de esta encuesta.<\/p>\n<p>Dichas instituciones pertenecen a la industria bancaria local, a las administradoras de fondos de pensiones, compa\u00f1\u00edas de seguros, corredoras de bolsa, fondos mutuos y entidades extranjeras que operan activamente con Chile.<\/p>\n","protected":false},"excerpt":{"rendered":"<p>Seg\u00fan los expertos consultados en la EOF, se espera que la tasa de pol\u00edtica monetaria llegue a 4% en marzo de 2022. Los 58 expertos&hellip; <\/p>\n","protected":false},"author":2,"featured_media":43991,"comment_status":"open","ping_status":"closed","sticky":false,"template":"","format":"standard","meta":{"footnotes":""},"categories":[37],"tags":[],"class_list":["post-45598","post","type-post","status-publish","format-standard","has-post-thumbnail","hentry","category-nacional"],"_links":{"self":[{"href":"https:\/\/www.radioamigavallenar.cl\/index.php?rest_route=\/wp\/v2\/posts\/45598","targetHints":{"allow":["GET"]}}],"collection":[{"href":"https:\/\/www.radioamigavallenar.cl\/index.php?rest_route=\/wp\/v2\/posts"}],"about":[{"href":"https:\/\/www.radioamigavallenar.cl\/index.php?rest_route=\/wp\/v2\/types\/post"}],"author":[{"embeddable":true,"href":"https:\/\/www.radioamigavallenar.cl\/index.php?rest_route=\/wp\/v2\/users\/2"}],"replies":[{"embeddable":true,"href":"https:\/\/www.radioamigavallenar.cl\/index.php?rest_route=%2Fwp%2Fv2%2Fcomments&post=45598"}],"version-history":[{"count":1,"href":"https:\/\/www.radioamigavallenar.cl\/index.php?rest_route=\/wp\/v2\/posts\/45598\/revisions"}],"predecessor-version":[{"id":45599,"href":"https:\/\/www.radioamigavallenar.cl\/index.php?rest_route=\/wp\/v2\/posts\/45598\/revisions\/45599"}],"wp:featuredmedia":[{"embeddable":true,"href":"https:\/\/www.radioamigavallenar.cl\/index.php?rest_route=\/wp\/v2\/media\/43991"}],"wp:attachment":[{"href":"https:\/\/www.radioamigavallenar.cl\/index.php?rest_route=%2Fwp%2Fv2%2Fmedia&parent=45598"}],"wp:term":[{"taxonomy":"category","embeddable":true,"href":"https:\/\/www.radioamigavallenar.cl\/index.php?rest_route=%2Fwp%2Fv2%2Fcategories&post=45598"},{"taxonomy":"post_tag","embeddable":true,"href":"https:\/\/www.radioamigavallenar.cl\/index.php?rest_route=%2Fwp%2Fv2%2Ftags&post=45598"}],"curies":[{"name":"wp","href":"https:\/\/api.w.org\/{rel}","templated":true}]}}