{"id":45596,"date":"2021-10-07T11:58:09","date_gmt":"2021-10-07T14:58:09","guid":{"rendered":"https:\/\/www.radioamigavallenar.cl\/?p=45596"},"modified":"2021-10-07T13:32:27","modified_gmt":"2021-10-07T16:32:27","slug":"atacama-reporto-hoy-jueves-10-casos-nuevos-positivos-de-covid-19","status":"publish","type":"post","link":"https:\/\/www.radioamigavallenar.cl\/?p=45596","title":{"rendered":"Atacama reporto hoy jueves 10 casos nuevos positivos de Covid-19"},"content":{"rendered":"<p>El Minsal inform\u00f3 este jueves un total de 10 casos nuevos de Covid-19 en Atacama, de ellos 8 sintom\u00e1ticos y 2 sin s\u00edntomas, adem\u00e1s de tres casos confirmados por ant\u00edgeno.\u00a0 De acuerdo al informe, los activos en las \u00faltimas 24 horas se mantienen al igual que la jornada previa en 89 casos a nivel regional con una tasa de incidencia de 28,3.<\/p>\n<p>La positividad diaria informada, fue de un cero por ciento, y un uno por ciento en la \u00faltima semana, destacando la regi\u00f3n\u00a0 de forma positiva luego del peak de 5% diario presentado el d\u00eda martes pasado.<\/p>\n<p>A su vez los casos con sospecha de reinfecci\u00f3n, son 37 a nivel regional<\/p>\n<p><a href=\"https:\/\/www.radioamigavallenar.cl\/wp-content\/uploads\/2021\/10\/FBHBS3CX0AgasDi.jpg\"><img loading=\"lazy\" decoding=\"async\" class=\"alignnone size-full wp-image-45607\" src=\"https:\/\/www.radioamigavallenar.cl\/wp-content\/uploads\/2021\/10\/FBHBS3CX0AgasDi.jpg\" alt=\"\" width=\"1080\" height=\"1080\" srcset=\"https:\/\/www.radioamigavallenar.cl\/wp-content\/uploads\/2021\/10\/FBHBS3CX0AgasDi.jpg 1080w, https:\/\/www.radioamigavallenar.cl\/wp-content\/uploads\/2021\/10\/FBHBS3CX0AgasDi-300x300.jpg 300w, https:\/\/www.radioamigavallenar.cl\/wp-content\/uploads\/2021\/10\/FBHBS3CX0AgasDi-1024x1024.jpg 1024w, https:\/\/www.radioamigavallenar.cl\/wp-content\/uploads\/2021\/10\/FBHBS3CX0AgasDi-150x150.jpg 150w, https:\/\/www.radioamigavallenar.cl\/wp-content\/uploads\/2021\/10\/FBHBS3CX0AgasDi-768x768.jpg 768w\" sizes=\"auto, (max-width: 1080px) 100vw, 1080px\" \/><\/a><\/p>\n<p>Con ello la regi\u00f3n de Atacama alcanza al d\u00eda de hoy, 27.457 casos acumulados de la pandemia.<\/p>\n","protected":false},"excerpt":{"rendered":"<p>El Minsal inform\u00f3 este jueves un total de 10 casos nuevos de Covid-19 en Atacama, de ellos 8 sintom\u00e1ticos y 2 sin s\u00edntomas, adem\u00e1s de&hellip; <\/p>\n","protected":false},"author":2,"featured_media":41670,"comment_status":"open","ping_status":"closed","sticky":false,"template":"","format":"standard","meta":{"footnotes":""},"categories":[38],"tags":[],"class_list":["post-45596","post","type-post","status-publish","format-standard","has-post-thumbnail","hentry","category-portada-regional"],"_links":{"self":[{"href":"https:\/\/www.radioamigavallenar.cl\/index.php?rest_route=\/wp\/v2\/posts\/45596","targetHints":{"allow":["GET"]}}],"collection":[{"href":"https:\/\/www.radioamigavallenar.cl\/index.php?rest_route=\/wp\/v2\/posts"}],"about":[{"href":"https:\/\/www.radioamigavallenar.cl\/index.php?rest_route=\/wp\/v2\/types\/post"}],"author":[{"embeddable":true,"href":"https:\/\/www.radioamigavallenar.cl\/index.php?rest_route=\/wp\/v2\/users\/2"}],"replies":[{"embeddable":true,"href":"https:\/\/www.radioamigavallenar.cl\/index.php?rest_route=%2Fwp%2Fv2%2Fcomments&post=45596"}],"version-history":[{"count":2,"href":"https:\/\/www.radioamigavallenar.cl\/index.php?rest_route=\/wp\/v2\/posts\/45596\/revisions"}],"predecessor-version":[{"id":45608,"href":"https:\/\/www.radioamigavallenar.cl\/index.php?rest_route=\/wp\/v2\/posts\/45596\/revisions\/45608"}],"wp:featuredmedia":[{"embeddable":true,"href":"https:\/\/www.radioamigavallenar.cl\/index.php?rest_route=\/wp\/v2\/media\/41670"}],"wp:attachment":[{"href":"https:\/\/www.radioamigavallenar.cl\/index.php?rest_route=%2Fwp%2Fv2%2Fmedia&parent=45596"}],"wp:term":[{"taxonomy":"category","embeddable":true,"href":"https:\/\/www.radioamigavallenar.cl\/index.php?rest_route=%2Fwp%2Fv2%2Fcategories&post=45596"},{"taxonomy":"post_tag","embeddable":true,"href":"https:\/\/www.radioamigavallenar.cl\/index.php?rest_route=%2Fwp%2Fv2%2Ftags&post=45596"}],"curies":[{"name":"wp","href":"https:\/\/api.w.org\/{rel}","templated":true}]}}