{"id":45594,"date":"2021-10-07T11:55:37","date_gmt":"2021-10-07T14:55:37","guid":{"rendered":"https:\/\/www.radioamigavallenar.cl\/?p=45594"},"modified":"2021-10-07T11:55:37","modified_gmt":"2021-10-07T14:55:37","slug":"chile-bordea-los-mil-contagios-nuevos-y-anota-lo-mas-alto-en-casi-8-semanas","status":"publish","type":"post","link":"https:\/\/www.radioamigavallenar.cl\/?p=45594","title":{"rendered":"Chile bordea los mil contagios nuevos y anota lo m\u00e1s alto en casi 8 semanas"},"content":{"rendered":"<p>La ma\u00f1ana de este jueves, el Ministerio de Salud (Minsal) comunic\u00f3 la detecci\u00f3n de\u00a0<strong>981 contagios nuevos de covid-19<\/strong>\u00a0en Chile, 639 de ellos sintom\u00e1ticos.<\/p>\n<p>Se trata de la cifra diaria m\u00e1s alta desde los\u00a0<strong>904 diagn\u00f3sticos positivos del domingo 15 de agosto<\/strong>, hace casi ocho semanas.<\/p>\n<p>Con esto, el total de pacientes en etapa activa de la enfermedad creci\u00f3 de 4.293 a 4.607 y el\u00a0<strong>pa\u00eds encaden\u00f3 cuatro jueves consecutivos al alza<\/strong>.<\/p>\n<p>De los 981 casos nuevos, un 12% se diagnostic\u00f3 por test de ant\u00edgeno, un 20% se origin\u00f3 por B\u00fasqueda Activa de Casos (BAC) y un 25% de los notificados fueron catalogados como asintom\u00e1ticos, indicaron desde el\u00a0<a href=\"https:\/\/www.minsal.cl\/wp-content\/uploads\/2021\/10\/CP-Reporte-Covid-19-07-10-2021.pdf\">Gobierno<\/a>.<\/p>\n<p>Adem\u00e1s, el Ejecutivo calcul\u00f3 que la\u00a0<strong>variaci\u00f3n de casos nuevos fue de 8% y 49%<\/strong>\u00a0para la comparaci\u00f3n y siete y 14 d\u00edas, respectivamente.<\/p>\n<p>Sumado a lo anterior, la autoridad sanitaria report\u00f3 que la\u00a0<strong>tasa de incidencia de casos activos por cada 100 mil habitantes<\/strong>\u00a0contin\u00faa disparada en Arica y Parinacota, con 74,6.<\/p>\n<p>Tras ella quedaron Tarapac\u00e1 (52), Antofagasta (39,3) y Ays\u00e9n (32,6)<\/p>\n<figure id=\"attachment_5083587\" class=\"wp-caption alignnone\" aria-describedby=\"caption-attachment-5083587\"><img loading=\"lazy\" decoding=\"async\" class=\"size-full wp-image-5083587\" src=\"https:\/\/media.biobiochile.cl\/wp-content\/uploads\/2021\/10\/casos-nuevos-covid-minsal-chile-07102021.jpg\" alt=\"\" width=\"924\" height=\"443\" \/><figcaption id=\"caption-attachment-5083587\" class=\"wp-caption-text\"><\/figcaption><\/figure>\n<h2 style=\"text-align: center;\">Positividad y muertes<\/h2>\n<p>Por su parte, la\u00a0<strong>positividad de la PCR se fij\u00f3 en 1,51%<\/strong>\u00a0tras el an\u00e1lisis de 56.781 ex\u00e1menes por parte de 174 laboratorios.<\/p>\n<p>Si a eso se le suman los de ant\u00edgeno, el testeo en Chile alcanz\u00f3 las 64.490 analizadas en las \u00faltimas 24 horas.<\/p>\n<p>En tanto, el DEIS sum\u00f3 21 muertes a la lista nacional, con lo cual el total de decesos asociados a la pandemia escal\u00f3 a 37.533.<\/p>\n<figure id=\"attachment_5083557\" class=\"wp-caption alignnone\" aria-describedby=\"caption-attachment-5083557\"><img loading=\"lazy\" decoding=\"async\" class=\"size-full wp-image-5083557\" src=\"https:\/\/media.biobiochile.cl\/wp-content\/uploads\/2021\/10\/positividad-pcr-covid-minsal-07102021.jpg\" alt=\"positividad-pcr-covid-minsal-07102021\" width=\"682\" height=\"542\" \/><\/figure>\n","protected":false},"excerpt":{"rendered":"<p>La ma\u00f1ana de este jueves, el Ministerio de Salud (Minsal) comunic\u00f3 la detecci\u00f3n de\u00a0981 contagios nuevos de covid-19\u00a0en Chile, 639 de ellos sintom\u00e1ticos. Se trata&hellip; <\/p>\n","protected":false},"author":2,"featured_media":27610,"comment_status":"open","ping_status":"closed","sticky":false,"template":"","format":"standard","meta":{"footnotes":""},"categories":[37],"tags":[],"class_list":["post-45594","post","type-post","status-publish","format-standard","has-post-thumbnail","hentry","category-nacional"],"_links":{"self":[{"href":"https:\/\/www.radioamigavallenar.cl\/index.php?rest_route=\/wp\/v2\/posts\/45594","targetHints":{"allow":["GET"]}}],"collection":[{"href":"https:\/\/www.radioamigavallenar.cl\/index.php?rest_route=\/wp\/v2\/posts"}],"about":[{"href":"https:\/\/www.radioamigavallenar.cl\/index.php?rest_route=\/wp\/v2\/types\/post"}],"author":[{"embeddable":true,"href":"https:\/\/www.radioamigavallenar.cl\/index.php?rest_route=\/wp\/v2\/users\/2"}],"replies":[{"embeddable":true,"href":"https:\/\/www.radioamigavallenar.cl\/index.php?rest_route=%2Fwp%2Fv2%2Fcomments&post=45594"}],"version-history":[{"count":1,"href":"https:\/\/www.radioamigavallenar.cl\/index.php?rest_route=\/wp\/v2\/posts\/45594\/revisions"}],"predecessor-version":[{"id":45595,"href":"https:\/\/www.radioamigavallenar.cl\/index.php?rest_route=\/wp\/v2\/posts\/45594\/revisions\/45595"}],"wp:featuredmedia":[{"embeddable":true,"href":"https:\/\/www.radioamigavallenar.cl\/index.php?rest_route=\/wp\/v2\/media\/27610"}],"wp:attachment":[{"href":"https:\/\/www.radioamigavallenar.cl\/index.php?rest_route=%2Fwp%2Fv2%2Fmedia&parent=45594"}],"wp:term":[{"taxonomy":"category","embeddable":true,"href":"https:\/\/www.radioamigavallenar.cl\/index.php?rest_route=%2Fwp%2Fv2%2Fcategories&post=45594"},{"taxonomy":"post_tag","embeddable":true,"href":"https:\/\/www.radioamigavallenar.cl\/index.php?rest_route=%2Fwp%2Fv2%2Ftags&post=45594"}],"curies":[{"name":"wp","href":"https:\/\/api.w.org\/{rel}","templated":true}]}}