{"id":45557,"date":"2021-10-06T12:14:48","date_gmt":"2021-10-06T15:14:48","guid":{"rendered":"https:\/\/www.radioamigavallenar.cl\/?p=45557"},"modified":"2021-10-06T12:14:48","modified_gmt":"2021-10-06T15:14:48","slug":"chile-sube-56-los-contagios-en-14-dias-y-marca-peor-miercoles-desde-fines-de-julio","status":"publish","type":"post","link":"https:\/\/www.radioamigavallenar.cl\/?p=45557","title":{"rendered":"Chile sube 56% los contagios en 14 d\u00edas y marca peor mi\u00e9rcoles desde fines de julio"},"content":{"rendered":"<p>La ma\u00f1ana de este mi\u00e9rcoles, el Ministerio de Salud (Minsal) report\u00f3\u00a0<strong>714 contagios nuevos de covid-19 en Chile<\/strong>, 503 de ellos sintom\u00e1ticos.<\/p>\n<p>Con estos resultados, nuestro pa\u00eds marc\u00f3 su\u00a0<strong>peor mi\u00e9rcoles desde el 28 de julio<\/strong>, cuando se habl\u00f3 de 828 diagn\u00f3sticos; y experiment\u00f3 un alza en la cantidad de pacientes en etapa activa de la enfermedad de 4.110 a 4.293.<\/p>\n<p>Seg\u00fan calcularon desde el Gobierno, la\u00a0<strong>variaci\u00f3n de nuevos casos confirmados a nivel nacional es de 7% y 56%<\/strong>\u00a0para la comparaci\u00f3n de siete y 14 d\u00edas, respectivamente.<\/p>\n<p>\u201cSeis regiones disminuyen sus casos en los \u00faltimos siete d\u00edas, pero\u00a0<strong>ninguna lo hace en las \u00faltimas dos semanas\u201d<\/strong>, indicaron desde el\u00a0<a href=\"https:\/\/www.minsal.cl\/wp-content\/uploads\/2021\/10\/CP-REPORTE-COVID-19-Mi%C3%A9rcoles-06-10-21.pdf\">Minsal<\/a>.<\/p>\n<p>En detalle, de los 714 casos nuevos, un 25% se diagnostic\u00f3 por test de ant\u00edgeno, un 18% se origin\u00f3 por B\u00fasqueda Activa de Casos (BAC) y un 21% de los notificados fue catalogado como asintom\u00e1tico.<\/p>\n<p>Por otro lado, la tasa de incidencia de casos activos por cada 100 mil habitantes sigue disparada en\u00a0<strong>Arica y Parinacota, con 73,4<\/strong>. A esta le siguen Tarapac\u00e1 (45,7) y Antofagasta (37,9).<\/p>\n<h2 style=\"text-align: center;\">Positividad, UCI y muertes<\/h2>\n<p>Por su parte, la positividad nacional de la PCR se fij\u00f3 en 1,52%.<\/p>\n<p>En tanto, la UCI tienen 2.224 camas cr\u00edticas disponibles, 321 de ellas libres.<\/p>\n<p>Finalmente, con seis nuevas muertes, el DEIS contabiliza 37.512 defunciones asociadas a la pandemia.<\/p>\n","protected":false},"excerpt":{"rendered":"<p>La ma\u00f1ana de este mi\u00e9rcoles, el Ministerio de Salud (Minsal) report\u00f3\u00a0714 contagios nuevos de covid-19 en Chile, 503 de ellos sintom\u00e1ticos. Con estos resultados, nuestro&hellip; <\/p>\n","protected":false},"author":2,"featured_media":26739,"comment_status":"open","ping_status":"closed","sticky":false,"template":"","format":"standard","meta":{"footnotes":""},"categories":[37],"tags":[],"class_list":["post-45557","post","type-post","status-publish","format-standard","has-post-thumbnail","hentry","category-nacional"],"_links":{"self":[{"href":"https:\/\/www.radioamigavallenar.cl\/index.php?rest_route=\/wp\/v2\/posts\/45557","targetHints":{"allow":["GET"]}}],"collection":[{"href":"https:\/\/www.radioamigavallenar.cl\/index.php?rest_route=\/wp\/v2\/posts"}],"about":[{"href":"https:\/\/www.radioamigavallenar.cl\/index.php?rest_route=\/wp\/v2\/types\/post"}],"author":[{"embeddable":true,"href":"https:\/\/www.radioamigavallenar.cl\/index.php?rest_route=\/wp\/v2\/users\/2"}],"replies":[{"embeddable":true,"href":"https:\/\/www.radioamigavallenar.cl\/index.php?rest_route=%2Fwp%2Fv2%2Fcomments&post=45557"}],"version-history":[{"count":1,"href":"https:\/\/www.radioamigavallenar.cl\/index.php?rest_route=\/wp\/v2\/posts\/45557\/revisions"}],"predecessor-version":[{"id":45558,"href":"https:\/\/www.radioamigavallenar.cl\/index.php?rest_route=\/wp\/v2\/posts\/45557\/revisions\/45558"}],"wp:featuredmedia":[{"embeddable":true,"href":"https:\/\/www.radioamigavallenar.cl\/index.php?rest_route=\/wp\/v2\/media\/26739"}],"wp:attachment":[{"href":"https:\/\/www.radioamigavallenar.cl\/index.php?rest_route=%2Fwp%2Fv2%2Fmedia&parent=45557"}],"wp:term":[{"taxonomy":"category","embeddable":true,"href":"https:\/\/www.radioamigavallenar.cl\/index.php?rest_route=%2Fwp%2Fv2%2Fcategories&post=45557"},{"taxonomy":"post_tag","embeddable":true,"href":"https:\/\/www.radioamigavallenar.cl\/index.php?rest_route=%2Fwp%2Fv2%2Ftags&post=45557"}],"curies":[{"name":"wp","href":"https:\/\/api.w.org\/{rel}","templated":true}]}}