{"id":45554,"date":"2021-10-06T11:10:22","date_gmt":"2021-10-06T14:10:22","guid":{"rendered":"https:\/\/www.radioamigavallenar.cl\/?p=45554"},"modified":"2021-10-06T12:13:03","modified_gmt":"2021-10-06T15:13:03","slug":"municipios-de-freirina-y-vallenar-ejecutaran-iniciativas-financiadas-por-senadis-que-promueve-inclusion-de-personas-con-discapacidad","status":"publish","type":"post","link":"https:\/\/www.radioamigavallenar.cl\/?p=45554","title":{"rendered":"Municipios de Freirina y Vallenar ejecutar\u00e1n iniciativas financiadas por SENADIS que promueve inclusi\u00f3n de personas con discapacidad"},"content":{"rendered":"<p>Los proyectos son financiados a trav\u00e9s del Programa Tr\u00e1nsito a la Vida Independiente (TVI) del Servicio Nacional de Discapacidad.<\/p>\n<p>Una gran noticia recibieron las personas con discapacidad de las comunas de Freirina y Vallenar, en la provincia de Huasco, quienes ser\u00e1n beneficiadas con el programa de Tr\u00e1nsito a la Vida Independiente (TVI) del Servicio Nacional de la Discapacidad, SENADIS.<\/p>\n<p>El programa busca favorecer la inclusi\u00f3n social de personas con discapacidad y dependencia, entre los 18 y 59 a\u00f1os de edad, bajo los enfoques de derechos humanos, autonom\u00eda, autodeterminaci\u00f3n y calidad de vida. Ambos municipios postularon a la modalidad colectiva para servicios de apoyo y adaptaciones del entorno. En el caso de la municipalidad de Freirina, se adjudicaron 32 millones de pesos, en tanto, Vallenar, se adjudic\u00f3 $22.250.00.<\/p>\n<p>Al respecto, el seremi de Desarrollo Social y Familia, Luis Morales Vergara sostuvo que \u201ccomo Gobierno buscamos que las personas con discapacidad puedan tener una nueva oportunidad de integraci\u00f3n a la sociedad, por este motivo, estos recursos financieros permitir\u00e1n a nivel territorial, mejorar cobertura y dar nuevas oportunidades en la provincia de Huasco. Debemos que recuperar el tiempo perdido, hay que levantarnos de esta pandemia, las personas con discapacidades han estado muy golpeadas producto de esto. Queremos que retornen a sus actividades y a la recuperaci\u00f3n de su entorno\u201d.<\/p>\n<p>En tanto, la directora regional de SENADIS Atacama, Gabriela Villanueva, se\u00f1al\u00f3 que \u201cel rol de los municipios es relevante para llegar directamente a las personas con discapacidad. El trabajo a nivel territorial que estamos desarrollando Como Servicio Nacional de la discapacidad de Atacama en conjunto con estos municipios es fundamental para impulsar y fortalecer iniciativas para una efectiva inclusi\u00f3n social de las personas con discapacidad en nuestra regi\u00f3n y, adem\u00e1s, generar un positivo impacto en la comunidad\u201d.<\/p>\n<p>Por su parte, el alcalde de Freirina, Cesar Orellana, destac\u00f3 el trabajo que ha desarrollado la Oficina de la Discapacidad. \u201cEste es un proyecto que present\u00f3 la oficina de la discapacidad que nos permitir\u00e1 beneficiar a un grupo de j\u00f3venes de la comuna, que permitir\u00e1 llevarlos al tr\u00e1nsito a la vida independiente, que es algo que tenemos que apoyar. Por lo tanto, yo no hago m\u00e1s que felicitar al equipo por este proyecto y que se suma a otros m\u00e1s que nos permiten que Freirina sea una ciudad m\u00e1s inclusiva\u00bb.<\/p>\n<p>Se estima que la incitativa beneficiar\u00e1 a 17 J\u00f3venes personas con discapacidad de la comuna de Freirina y permitir\u00e1 la implementaci\u00f3n de Viviendas transitorias donde se trabajar\u00e1 la habilitaci\u00f3n de actividades de la vida diaria, fortalecimiento en independencia y autonom\u00eda y tr\u00e1nsito a la vida socio laboral.<\/p>\n<p>El alcalde de Vallenar, Armando Flores Jim\u00e9nez, valor\u00f3 la implementaci\u00f3n de la iniciativa y se\u00f1al\u00f3 que \u201ctal como lo comprometimos, la inclusi\u00f3n, no es una m\u00e1s de la pol\u00edtica, sino, que es una de las principales, para nuestro gobierno comunal, as\u00ed es que, muy contento que se pueda materializar este inter\u00e9s y voluntad nuestra, ya en temas que f\u00edsicamente se comienzan a ver, muy contento con eso porque adem\u00e1s hay un compromiso, por parte del equipo de este municipio de trabajar en esta \u00e1rea, y que importante para nuestra ciudad. Cuando hablamos de una ciudad inclusiva, cuando hablamos de una proyecci\u00f3n que tiene Vallenar, que mejor que con todos sus habitantes, y en la medida que podamos ir materializando este tipo de proyectos, bienvenidos los recursos porque nos ayudan a que esta ciudad vaya surgiendo con m\u00e1s fuerza gracias a esta incorporaci\u00f3n de personas que tiene dificultades para poder hacer lo cotidiano\u201d Se\u00f1al\u00f3 Armando Flores Jim\u00e9nez<\/p>\n<p>La iniciativa de la Ilustre Municipalidad de Vallenar beneficiara a 30 personas con discapacidad donde se implementar\u00e1n tallares para habilidades de la vida diaria y fortalecimiento de competencias de autonom\u00eda para transitar a una vida independiente y acercamiento laboral, del mismo modo se trabajara en el fortalecimiento de la red intersectorial de la Comuna de Vallenar.<\/p>\n","protected":false},"excerpt":{"rendered":"<p>Los proyectos son financiados a trav\u00e9s del Programa Tr\u00e1nsito a la Vida Independiente (TVI) del Servicio Nacional de Discapacidad. Una gran noticia recibieron las personas&hellip; <\/p>\n","protected":false},"author":2,"featured_media":45555,"comment_status":"open","ping_status":"closed","sticky":false,"template":"","format":"standard","meta":{"footnotes":""},"categories":[38],"tags":[],"class_list":["post-45554","post","type-post","status-publish","format-standard","has-post-thumbnail","hentry","category-portada-regional"],"_links":{"self":[{"href":"https:\/\/www.radioamigavallenar.cl\/index.php?rest_route=\/wp\/v2\/posts\/45554","targetHints":{"allow":["GET"]}}],"collection":[{"href":"https:\/\/www.radioamigavallenar.cl\/index.php?rest_route=\/wp\/v2\/posts"}],"about":[{"href":"https:\/\/www.radioamigavallenar.cl\/index.php?rest_route=\/wp\/v2\/types\/post"}],"author":[{"embeddable":true,"href":"https:\/\/www.radioamigavallenar.cl\/index.php?rest_route=\/wp\/v2\/users\/2"}],"replies":[{"embeddable":true,"href":"https:\/\/www.radioamigavallenar.cl\/index.php?rest_route=%2Fwp%2Fv2%2Fcomments&post=45554"}],"version-history":[{"count":1,"href":"https:\/\/www.radioamigavallenar.cl\/index.php?rest_route=\/wp\/v2\/posts\/45554\/revisions"}],"predecessor-version":[{"id":45556,"href":"https:\/\/www.radioamigavallenar.cl\/index.php?rest_route=\/wp\/v2\/posts\/45554\/revisions\/45556"}],"wp:featuredmedia":[{"embeddable":true,"href":"https:\/\/www.radioamigavallenar.cl\/index.php?rest_route=\/wp\/v2\/media\/45555"}],"wp:attachment":[{"href":"https:\/\/www.radioamigavallenar.cl\/index.php?rest_route=%2Fwp%2Fv2%2Fmedia&parent=45554"}],"wp:term":[{"taxonomy":"category","embeddable":true,"href":"https:\/\/www.radioamigavallenar.cl\/index.php?rest_route=%2Fwp%2Fv2%2Fcategories&post=45554"},{"taxonomy":"post_tag","embeddable":true,"href":"https:\/\/www.radioamigavallenar.cl\/index.php?rest_route=%2Fwp%2Fv2%2Ftags&post=45554"}],"curies":[{"name":"wp","href":"https:\/\/api.w.org\/{rel}","templated":true}]}}