{"id":45551,"date":"2021-10-06T11:20:31","date_gmt":"2021-10-06T14:20:31","guid":{"rendered":"https:\/\/www.radioamigavallenar.cl\/?p=45551"},"modified":"2021-10-06T11:58:42","modified_gmt":"2021-10-06T14:58:42","slug":"cierran-capacitacion-a-operadores-turisticos-del-huasco-en-caleta-chanaral-aceituno","status":"publish","type":"post","link":"https:\/\/www.radioamigavallenar.cl\/?p=45551","title":{"rendered":"Cierran capacitaci\u00f3n a operadores tur\u00edsticos del Huasco en Caleta Cha\u00f1aral Aceituno"},"content":{"rendered":"<p>Durante el mes de septiembre, operadores tur\u00edsticos de Huasco, Freirina y Alto del Carmen se capacitaron en tem\u00e1ticas de arqueolog\u00eda, historia Local, conducci\u00f3n de veh\u00edculos todo terreno y reconocimiento de flora y fauna local.<\/p>\n<p>\u00b7 La iniciativa de Aela Energ\u00eda y su Parque E\u00f3lico Sarco busca vincular a operadores tur\u00edsticos con prestadores de servicios de hoteler\u00eda, transporte y alimentaci\u00f3n, adem\u00e1s de capacitarlos en actividades propias de la rama.<\/p>\n<p>&nbsp;<\/p>\n<p>Diez operadores tur\u00edsticos de la Provincia del Huasco finalizaron el Ciclo de Capacitaciones a los Operadores Tur\u00edsticos de las Comunas de Freirina y Huasco: Flora y Fauna del Desierto, Historia Local y Arqueolog\u00eda.<\/p>\n<p>&nbsp;<\/p>\n<p>La iniciativa de Aela Energ\u00eda y su Parque E\u00f3lico Sarco, en coordinaci\u00f3n con la Mesa de Turismo y Sernatur, tiene por objetivo generar redes y v\u00ednculos entre oferentes de paquetes tur\u00edsticos y prestadores de servicios que involucran hoteler\u00eda, transporte y alimentaci\u00f3n, adem\u00e1s de capacitar a los operadores en actividades propias de la rama.<\/p>\n<p>&nbsp;<\/p>\n<p>El ciclo de capacitaciones, ejecutado por T. R. Consultores, incluy\u00f3 clases virtuales y en terreno y contempl\u00f3, entre otros, un curso de conducci\u00f3n de veh\u00edculos todo terreno; una clase magistral de historia local dictada por el profesor, autor e historiador Oriel \u00c1lvarez; una charla de arqueolog\u00eda y recursos patrimoniales del valle, dictada por el arque\u00f3logo Francisco Fern\u00e1ndez; visitas a sectores de gran valor patrimonial; y una visita de dos d\u00edas a la localidad de Cha\u00f1aral de Aceituno.<\/p>\n<p>Aqu\u00ed, los turoperadores realizaron caminatas en lugares de vestigios arqueol\u00f3gicos, conocieron la historia del \u00faltimo constructor de balsas con cuero de lobo marino, y contemplaron la belleza natural de la accidentada morfolog\u00eda de la Isla Cha\u00f1aral de Aceituno, hogar de colonias de aproximadamente 6.000 Ping\u00fcinos de Humboldt, cerca de 2.000 lobos marinos, y variadas especies de aves y animales acu\u00e1ticos como el Chungungo (Lontra felina), delf\u00edn nariz de botella (Turciops Truncatus), ballenas y cachalotes.<\/p>\n<p>&nbsp;<\/p>\n<p>Esta iniciativa surge desde la filosof\u00eda de Aela Energ\u00eda de \u201cinvolucrarse con el territorio y sus necesidades de manera real, comprometiendo apoyos que fortalezcan la educaci\u00f3n, el emprendimiento, la generaci\u00f3n de empleo y la econom\u00eda local en general\u201d, se\u00f1al\u00f3 Sim\u00f3n L\u00f3pez, encargado de relaciones comunitarias de Parque E\u00f3lico Sarco.<\/p>\n<p>&nbsp;<\/p>\n<p>Quienes participaron del proceso agradecieron la iniciativa y la voluntad de seguir profundizando en esta l\u00ednea, para seguir fortaleciendo la actividad tur\u00edstica en la zona y en lo inmediato prepararse mejor para la pr\u00f3xima temporada estival. Empresarios y turoperadores prev\u00e9n una mayor apertura y ven la posibilidad de recuperar las p\u00e9rdidas producidas por casi dos a\u00f1os de incertidumbre y medidas de control sanitarias.<\/p>\n","protected":false},"excerpt":{"rendered":"<p>Durante el mes de septiembre, operadores tur\u00edsticos de Huasco, Freirina y Alto del Carmen se capacitaron en tem\u00e1ticas de arqueolog\u00eda, historia Local, conducci\u00f3n de veh\u00edculos&hellip; <\/p>\n","protected":false},"author":2,"featured_media":45552,"comment_status":"open","ping_status":"closed","sticky":false,"template":"","format":"standard","meta":{"footnotes":""},"categories":[38],"tags":[],"class_list":["post-45551","post","type-post","status-publish","format-standard","has-post-thumbnail","hentry","category-portada-regional"],"_links":{"self":[{"href":"https:\/\/www.radioamigavallenar.cl\/index.php?rest_route=\/wp\/v2\/posts\/45551","targetHints":{"allow":["GET"]}}],"collection":[{"href":"https:\/\/www.radioamigavallenar.cl\/index.php?rest_route=\/wp\/v2\/posts"}],"about":[{"href":"https:\/\/www.radioamigavallenar.cl\/index.php?rest_route=\/wp\/v2\/types\/post"}],"author":[{"embeddable":true,"href":"https:\/\/www.radioamigavallenar.cl\/index.php?rest_route=\/wp\/v2\/users\/2"}],"replies":[{"embeddable":true,"href":"https:\/\/www.radioamigavallenar.cl\/index.php?rest_route=%2Fwp%2Fv2%2Fcomments&post=45551"}],"version-history":[{"count":1,"href":"https:\/\/www.radioamigavallenar.cl\/index.php?rest_route=\/wp\/v2\/posts\/45551\/revisions"}],"predecessor-version":[{"id":45553,"href":"https:\/\/www.radioamigavallenar.cl\/index.php?rest_route=\/wp\/v2\/posts\/45551\/revisions\/45553"}],"wp:featuredmedia":[{"embeddable":true,"href":"https:\/\/www.radioamigavallenar.cl\/index.php?rest_route=\/wp\/v2\/media\/45552"}],"wp:attachment":[{"href":"https:\/\/www.radioamigavallenar.cl\/index.php?rest_route=%2Fwp%2Fv2%2Fmedia&parent=45551"}],"wp:term":[{"taxonomy":"category","embeddable":true,"href":"https:\/\/www.radioamigavallenar.cl\/index.php?rest_route=%2Fwp%2Fv2%2Fcategories&post=45551"},{"taxonomy":"post_tag","embeddable":true,"href":"https:\/\/www.radioamigavallenar.cl\/index.php?rest_route=%2Fwp%2Fv2%2Ftags&post=45551"}],"curies":[{"name":"wp","href":"https:\/\/api.w.org\/{rel}","templated":true}]}}