{"id":45548,"date":"2021-10-06T11:42:31","date_gmt":"2021-10-06T14:42:31","guid":{"rendered":"https:\/\/www.radioamigavallenar.cl\/?p=45548"},"modified":"2021-10-06T11:42:55","modified_gmt":"2021-10-06T14:42:55","slug":"minsal-informo-que-en-atacama-este-miercoles-de-10-casos-nuevos-de-covid-19","status":"publish","type":"post","link":"https:\/\/www.radioamigavallenar.cl\/?p=45548","title":{"rendered":"MINSAL inform\u00f3 que en Atacama hoy mi\u00e9rcoles de 10 casos nuevos de Covid-19"},"content":{"rendered":"<p>El Ministerio de Salud inform\u00f3 este d\u00eda mi\u00e9rcoles un total de 10 casos nuevos de Covid en la regi\u00f3n de Atacama, de ellos 8 sintom\u00e1ticos y 2 sin s\u00edntomas, adem\u00e1s de 3 casos confirmados por ant\u00edgenos.\u00a0 En torno a los activos, hoy se confirmaron 89 casos a nivel regional con una tasa de incidencia de 28,3.<\/p>\n<p>La positividad diaria baj\u00f3 del 5% al 1% en la presente jornada, mismo porcentaje de la \u00faltima semana, se\u00f1ala el documento.<\/p>\n<p>4 de los casos corresponden a la comuna de Copiap\u00f3, 3 casos corresponden a la comuna de Diego de Almagro, 2 casos corresponden a la comuna de Vallenar y finalmente 1 caso corresponde a la comuna de Tierra Amarilla.<\/p>\n<p>Tras validaci\u00f3n a nivel central, se traslada un caso a la comuna de Copiap\u00f3.<\/p>\n<p>Con ello Atacama alcanza a la fecha 27.449 casos acumulados de la pandemia.<\/p>\n<p><img loading=\"lazy\" decoding=\"async\" class=\"alignnone size-full wp-image-274558 lazy-loaded\" src=\"https:\/\/www.maray.cl\/wp-content\/uploads\/2021\/10\/WhatsApp-Image-2021-10-06-at-11.30.31.jpeg\" sizes=\"auto, (max-width: 1080px) 100vw, 1080px\" srcset=\"https:\/\/www.maray.cl\/wp-content\/uploads\/2021\/10\/WhatsApp-Image-2021-10-06-at-11.30.31.jpeg 1080w, https:\/\/www.maray.cl\/wp-content\/uploads\/2021\/10\/WhatsApp-Image-2021-10-06-at-11.30.31-600x600.jpeg 600w, https:\/\/www.maray.cl\/wp-content\/uploads\/2021\/10\/WhatsApp-Image-2021-10-06-at-11.30.31-800x800.jpeg 800w, https:\/\/www.maray.cl\/wp-content\/uploads\/2021\/10\/WhatsApp-Image-2021-10-06-at-11.30.31-300x300.jpeg 300w, https:\/\/www.maray.cl\/wp-content\/uploads\/2021\/10\/WhatsApp-Image-2021-10-06-at-11.30.31-768x768.jpeg 768w, https:\/\/www.maray.cl\/wp-content\/uploads\/2021\/10\/WhatsApp-Image-2021-10-06-at-11.30.31-80x80.jpeg 80w\" alt=\"\" width=\"1080\" height=\"1080\" data-lazy-type=\"image\" data-src=\"https:\/\/www.maray.cl\/wp-content\/uploads\/2021\/10\/WhatsApp-Image-2021-10-06-at-11.30.31.jpeg\" data-srcset=\"\" \/><\/p>\n","protected":false},"excerpt":{"rendered":"<p>El Ministerio de Salud inform\u00f3 este d\u00eda mi\u00e9rcoles un total de 10 casos nuevos de Covid en la regi\u00f3n de Atacama, de ellos 8 sintom\u00e1ticos&hellip; <\/p>\n","protected":false},"author":2,"featured_media":23908,"comment_status":"open","ping_status":"closed","sticky":false,"template":"","format":"standard","meta":{"footnotes":""},"categories":[38],"tags":[],"class_list":["post-45548","post","type-post","status-publish","format-standard","has-post-thumbnail","hentry","category-portada-regional"],"_links":{"self":[{"href":"https:\/\/www.radioamigavallenar.cl\/index.php?rest_route=\/wp\/v2\/posts\/45548","targetHints":{"allow":["GET"]}}],"collection":[{"href":"https:\/\/www.radioamigavallenar.cl\/index.php?rest_route=\/wp\/v2\/posts"}],"about":[{"href":"https:\/\/www.radioamigavallenar.cl\/index.php?rest_route=\/wp\/v2\/types\/post"}],"author":[{"embeddable":true,"href":"https:\/\/www.radioamigavallenar.cl\/index.php?rest_route=\/wp\/v2\/users\/2"}],"replies":[{"embeddable":true,"href":"https:\/\/www.radioamigavallenar.cl\/index.php?rest_route=%2Fwp%2Fv2%2Fcomments&post=45548"}],"version-history":[{"count":2,"href":"https:\/\/www.radioamigavallenar.cl\/index.php?rest_route=\/wp\/v2\/posts\/45548\/revisions"}],"predecessor-version":[{"id":45550,"href":"https:\/\/www.radioamigavallenar.cl\/index.php?rest_route=\/wp\/v2\/posts\/45548\/revisions\/45550"}],"wp:featuredmedia":[{"embeddable":true,"href":"https:\/\/www.radioamigavallenar.cl\/index.php?rest_route=\/wp\/v2\/media\/23908"}],"wp:attachment":[{"href":"https:\/\/www.radioamigavallenar.cl\/index.php?rest_route=%2Fwp%2Fv2%2Fmedia&parent=45548"}],"wp:term":[{"taxonomy":"category","embeddable":true,"href":"https:\/\/www.radioamigavallenar.cl\/index.php?rest_route=%2Fwp%2Fv2%2Fcategories&post=45548"},{"taxonomy":"post_tag","embeddable":true,"href":"https:\/\/www.radioamigavallenar.cl\/index.php?rest_route=%2Fwp%2Fv2%2Ftags&post=45548"}],"curies":[{"name":"wp","href":"https:\/\/api.w.org\/{rel}","templated":true}]}}