{"id":45546,"date":"2021-10-06T11:27:00","date_gmt":"2021-10-06T14:27:00","guid":{"rendered":"https:\/\/www.radioamigavallenar.cl\/?p=45546"},"modified":"2021-10-06T12:49:56","modified_gmt":"2021-10-06T15:49:56","slug":"comision-de-constitucion-del-senado-analiza-cuarto-retiro-del-10-por-ciento","status":"publish","type":"post","link":"https:\/\/www.radioamigavallenar.cl\/?p=45546","title":{"rendered":"Comisi\u00f3n de Constituci\u00f3n del Senado analiza cuarto retiro del 10 por ciento"},"content":{"rendered":"<p>La Comisi\u00f3n de Constituci\u00f3n del Senado inici\u00f3 este mi\u00e9rcoles el\u00a0<strong>debate por el proyecto del cuarto retiro del 10 por ciento de los fondos de pensiones<\/strong>, iniciativa que no cuenta con el respaldo del Ejecutivo.<\/p>\n<p>En la sesi\u00f3n de esta jornada participar\u00e1n los ministros de Hacienda, Rodrigo Cerda, y del Trabajo, Patricio Melero, adem\u00e1s del superintendente de Pensiones, Osvaldo Mac\u00edas.<\/p>\n<p>Previo a esta sesi\u00f3n, la presidenta del Senado,<strong>\u00a0Ximena Rinc\u00f3n (DC),\u00a0asegur\u00f3 que el proyecto necesita ser mejorado en esta instancia<\/strong>, ya que hasta el momento no existe un consenso para aprobar el proyecto.<\/p>\n<p>Tras su paso por la comisi\u00f3n, la iniciativa requiere 26 votos en la Sala del Senado, aunque hasta el momento no se ha dado a conocer la fecha en que se llevar\u00e1 a cabo la votaci\u00f3n.<\/p>\n<h2>Rentas vitalicias<\/h2>\n<p>La Comisi\u00f3n para el Mercado Financiero\u00a0<strong>(CMF) alert\u00f3 que un segundo adelanto de rentas vitalicias pondr\u00eda en riesgo de caer en insolvencia<\/strong>\u00a0a un m\u00e1ximo de nueve compa\u00f1\u00edas de seguros de vida.<\/p>\n<p>Sumado a eso, asegur\u00f3 que la idea expone al sector al\u00a0<strong>mayor escenario de riesgo que ha enfrentado en 35 a\u00f1os<\/strong>.<\/p>\n<p>En tanto, la C\u00e1mara Chilena Norteamericana de Comercio emiti\u00f3 un comunicado asegurando que el cuarto retiro y el segundo adelanto de rentas vitalicias genera \u201cun\u00a0<strong>da\u00f1o severo en la imagen de Chile<\/strong>\u00a0como destino atractivo para la inversi\u00f3n extranjera\u201d.<\/p>\n<p>La gerenta general del gremio, Paula Est\u00e9vez, afirm\u00f3 que se env\u00eda una se\u00f1al \u201cde\u00a0<strong>debilitamiento del marco institucional\u201d<\/strong>.<\/p>\n<p>El senador Rodrigo Galilea (RN), integrante de la Comisi\u00f3n de Constituci\u00f3n del Senado, se\u00f1al\u00f3 que no se puede esconder el efecto que tendr\u00eda un nuevo rescate de fondos en la econom\u00eda, refiri\u00e9ndose a la inflaci\u00f3n.<\/p>\n<p>El parlamentario agreg\u00f3 que a esto se suma la problem\u00e1tica de las rentas vitalicias.<\/p>\n<p>La Comisi\u00f3n de Constituci\u00f3n del Senado proyect\u00f3 que la\u00a0<strong>iniciativa llegar\u00e1 a la Sala durante la \u00faltima semana de octubre<\/strong>, luego de la realizaci\u00f3n de audiencias, escuchar propuestas y el ingreso de cambios al nuevo rescate de fondos.<\/p>\n","protected":false},"excerpt":{"rendered":"<p>La Comisi\u00f3n de Constituci\u00f3n del Senado inici\u00f3 este mi\u00e9rcoles el\u00a0debate por el proyecto del cuarto retiro del 10 por ciento de los fondos de pensiones,&hellip; <\/p>\n","protected":false},"author":2,"featured_media":44946,"comment_status":"open","ping_status":"closed","sticky":false,"template":"","format":"standard","meta":{"footnotes":""},"categories":[37],"tags":[],"class_list":["post-45546","post","type-post","status-publish","format-standard","has-post-thumbnail","hentry","category-nacional"],"_links":{"self":[{"href":"https:\/\/www.radioamigavallenar.cl\/index.php?rest_route=\/wp\/v2\/posts\/45546","targetHints":{"allow":["GET"]}}],"collection":[{"href":"https:\/\/www.radioamigavallenar.cl\/index.php?rest_route=\/wp\/v2\/posts"}],"about":[{"href":"https:\/\/www.radioamigavallenar.cl\/index.php?rest_route=\/wp\/v2\/types\/post"}],"author":[{"embeddable":true,"href":"https:\/\/www.radioamigavallenar.cl\/index.php?rest_route=\/wp\/v2\/users\/2"}],"replies":[{"embeddable":true,"href":"https:\/\/www.radioamigavallenar.cl\/index.php?rest_route=%2Fwp%2Fv2%2Fcomments&post=45546"}],"version-history":[{"count":2,"href":"https:\/\/www.radioamigavallenar.cl\/index.php?rest_route=\/wp\/v2\/posts\/45546\/revisions"}],"predecessor-version":[{"id":45561,"href":"https:\/\/www.radioamigavallenar.cl\/index.php?rest_route=\/wp\/v2\/posts\/45546\/revisions\/45561"}],"wp:featuredmedia":[{"embeddable":true,"href":"https:\/\/www.radioamigavallenar.cl\/index.php?rest_route=\/wp\/v2\/media\/44946"}],"wp:attachment":[{"href":"https:\/\/www.radioamigavallenar.cl\/index.php?rest_route=%2Fwp%2Fv2%2Fmedia&parent=45546"}],"wp:term":[{"taxonomy":"category","embeddable":true,"href":"https:\/\/www.radioamigavallenar.cl\/index.php?rest_route=%2Fwp%2Fv2%2Fcategories&post=45546"},{"taxonomy":"post_tag","embeddable":true,"href":"https:\/\/www.radioamigavallenar.cl\/index.php?rest_route=%2Fwp%2Fv2%2Ftags&post=45546"}],"curies":[{"name":"wp","href":"https:\/\/api.w.org\/{rel}","templated":true}]}}