{"id":44756,"date":"2021-09-16T06:00:57","date_gmt":"2021-09-16T09:00:57","guid":{"rendered":"https:\/\/www.radioamigavallenar.cl\/?p=44756"},"modified":"2021-09-15T20:57:32","modified_gmt":"2021-09-15T23:57:32","slug":"ministerio-de-desarrollo-social-y-familia-entrega-mas-de-19-toneladas-de-comida-saludable-para-ollas-comunas-de-la-region-de-atacama","status":"publish","type":"post","link":"https:\/\/www.radioamigavallenar.cl\/?p=44756","title":{"rendered":"Ministerio de Desarrollo Social y Familia entrega m\u00e1s de 19 toneladas de comida saludable para ollas comunas de la regi\u00f3n de Atacama"},"content":{"rendered":"<p>Este proyecto busca que personas en situaci\u00f3n vulnerable tengan acceso a alimentaci\u00f3n de calidad como parte del Plan de Seguridad Alimentaria que inici\u00f3 el Gobierno en el a\u00f1o 2021.<\/p>\n<p>Con unos nutritivos porotos con rienda y una rica ensalada verde, se dio inicio a una nueva olla com\u00fan en la poblaci\u00f3n Juan Pablo II de la comuna de Copiap\u00f3. En esta oportunidad, la preparaci\u00f3n estuvo a cargo del grupo humano de la Junta de Vecinos Amistad, quienes gracias al financiamiento del Gobierno de Chile, pudieron ejecutar esta maravillosa iniciativa.<\/p>\n<p>Particularmente, en la regi\u00f3n de Atacama se han repartido 19 toneladas de comida saludable en sus tres provincias (Copiap\u00f3 y Cha\u00f1aral, Huasco) para la realizaci\u00f3n de ollas comunas, las cuales forman parte del proyecto \u00abEntrega de alimentos saludables\u201d, que es financiado a trav\u00e9s de asignaciones directas al Fondo para las Organizaciones de la Sociedad Civil (OSC) ejecutado por la Corporaci\u00f3n Red de Alimentos con la colaboraci\u00f3n del Sistema Elige Vivir Sano.<\/p>\n<p>Hasta este lugar lleg\u00f3 el secretario regional ministerial Luis Morales Vergara, quien con su delantal \u201cElige Vivir Sano\u201d y colaboradores de la serem\u00eda de Desarrollo Social y Familia, realizaron la entrega de utensilios, recetas saludables y ayudaron con la repartici\u00f3n de m\u00e1s de 40 men\u00fas para los vecinos y vecinas del sector.<\/p>\n<p>\u201cQueremos destacar el esfuerzo de Jorge, presidente de la JJVV, y de su equipo humano, quienes han trabajado por m\u00e1s de 20 meses en esta gran cruzada solidaria que es entregar alimentos a los grupos m\u00e1s vulnerables. Adem\u00e1s, quiero invitar a la sociedad civil a que estas fiestas tengamos una celebraci\u00f3n desde el punto de vista social, es decir, unas \u201cFiestas Patrias con Sentido\u201d, donde el ayudar y apoyar a los grupos m\u00e1s sensibles sea el eje principal\u201d, sostuvo la autoridad.<\/p>\n<p>Al respecto, Jorge Campos, presidente de la Junta de Vecinos Amistad, indic\u00f3 que \u201cla gente est\u00e1 m\u00e1s que agradecida. Muchas personas no quieren que paremos con este tipo de iniciativas, ya que tenemos muchos adultos mayores y grupos vulnerables que necesitan este tipo de accesibilidad. Ojal\u00e1 que las autoridades siempre est\u00e9n a la vanguardia de nunca dejar esto, porque esto es lo que se necesita aqu\u00ed en el barrio\u201d.<\/p>\n<p>Este proyecto ha entregado 132 ollas comunes a nivel nacional pa\u00eds, beneficiando a cerca de 28 mil personas y que en esta segunda etapa ya ha cuadruplicado su presupuesto. En este contexto, en la regi\u00f3n se ver\u00e1n beneficiadas m\u00e1s de 12 organizaciones, llegando a m\u00e1s de 1.700 personas.<\/p>\n<p>Cecilia Carmona, vecina del sector Juan Pablo II, se mostr\u00f3 agradecida y dichosa de participar de este tipo de ayudas sociales. \u201cEsto es algo lindo, algo hermoso, yo creo que todos\/as los que vienen a ayudar ac\u00e1 se les llena el coraz\u00f3n, porque la gente necesita de una u otra manera al vecino\u201d.<\/p>\n<p>Cabe indicar que, La ayuda entregada, forma parte de un proyecto que busca favorecer el acceso de la poblaci\u00f3n m\u00e1s vulnerable a una alimentaci\u00f3n m\u00e1s nutritiva y as\u00ed contribuir a mitigar los efectos provocados por la pandemia y a mejorar su seguridad alimentaria. \u201cSabemos que la pandemia ha golpeado duro a las familias y que la ayuda no puede esperar. Por eso hemos venido a esta regi\u00f3n ubicada al extremo norte del pa\u00eds para iniciar esta hermosa labor con la que esperamos brindar alimentaci\u00f3n de calidad a 82.275 personas de todo Chile\u201d, asegur\u00f3 la ministra Karla Rubilar.<\/p>\n","protected":false},"excerpt":{"rendered":"<p>Este proyecto busca que personas en situaci\u00f3n vulnerable tengan acceso a alimentaci\u00f3n de calidad como parte del Plan de Seguridad Alimentaria que inici\u00f3 el Gobierno&hellip; <\/p>\n","protected":false},"author":2,"featured_media":44757,"comment_status":"open","ping_status":"closed","sticky":false,"template":"","format":"standard","meta":{"footnotes":""},"categories":[7],"tags":[],"class_list":["post-44756","post","type-post","status-publish","format-standard","has-post-thumbnail","hentry","category-atacama"],"_links":{"self":[{"href":"https:\/\/www.radioamigavallenar.cl\/index.php?rest_route=\/wp\/v2\/posts\/44756","targetHints":{"allow":["GET"]}}],"collection":[{"href":"https:\/\/www.radioamigavallenar.cl\/index.php?rest_route=\/wp\/v2\/posts"}],"about":[{"href":"https:\/\/www.radioamigavallenar.cl\/index.php?rest_route=\/wp\/v2\/types\/post"}],"author":[{"embeddable":true,"href":"https:\/\/www.radioamigavallenar.cl\/index.php?rest_route=\/wp\/v2\/users\/2"}],"replies":[{"embeddable":true,"href":"https:\/\/www.radioamigavallenar.cl\/index.php?rest_route=%2Fwp%2Fv2%2Fcomments&post=44756"}],"version-history":[{"count":1,"href":"https:\/\/www.radioamigavallenar.cl\/index.php?rest_route=\/wp\/v2\/posts\/44756\/revisions"}],"predecessor-version":[{"id":44758,"href":"https:\/\/www.radioamigavallenar.cl\/index.php?rest_route=\/wp\/v2\/posts\/44756\/revisions\/44758"}],"wp:featuredmedia":[{"embeddable":true,"href":"https:\/\/www.radioamigavallenar.cl\/index.php?rest_route=\/wp\/v2\/media\/44757"}],"wp:attachment":[{"href":"https:\/\/www.radioamigavallenar.cl\/index.php?rest_route=%2Fwp%2Fv2%2Fmedia&parent=44756"}],"wp:term":[{"taxonomy":"category","embeddable":true,"href":"https:\/\/www.radioamigavallenar.cl\/index.php?rest_route=%2Fwp%2Fv2%2Fcategories&post=44756"},{"taxonomy":"post_tag","embeddable":true,"href":"https:\/\/www.radioamigavallenar.cl\/index.php?rest_route=%2Fwp%2Fv2%2Ftags&post=44756"}],"curies":[{"name":"wp","href":"https:\/\/api.w.org\/{rel}","templated":true}]}}