{"id":44727,"date":"2021-09-15T06:02:10","date_gmt":"2021-09-15T09:02:10","guid":{"rendered":"https:\/\/www.radioamigavallenar.cl\/?p=44727"},"modified":"2021-09-15T10:03:05","modified_gmt":"2021-09-15T13:03:05","slug":"cochilco-ajusta-proyeccion-de-precio-del-cobre-para-2021-a-us420-la-libra","status":"publish","type":"post","link":"https:\/\/www.radioamigavallenar.cl\/?p=44727","title":{"rendered":"Cochilco ajusta proyecci\u00f3n de precio del cobre para 2021 a US$4,20 la libra"},"content":{"rendered":"<p><strong>La Comisi\u00f3n Chilena del Cobre (Cochilco) dio a conocer las principales conclusiones del Informe de Tendencias del Mercado del Cobre, correspondiente al segundo trimestre de 2021, que contiene las proyecciones de la Instituci\u00f3n sobre precio del cobre, demanda y oferta del metal para los a\u00f1os 2021 y 2022.<\/strong><\/p>\n<p>El subsecretario de Miner\u00eda, Edgar Blanco, se\u00f1al\u00f3 que Cochilco ajust\u00f3 la proyecci\u00f3n promedio del precio del cobre para este a\u00f1o a US$4,20 la libra. Mientras que para el a\u00f1o 2022 la instituci\u00f3n mantuvo el valor promedio del metal en US$ 3,95 la libra.<\/p>\n<p>El subsecretario de Miner\u00eda se\u00f1al\u00f3 que la desaceleraci\u00f3n de la econom\u00eda china y las crecientes expectativas de que la Reserva Federal de Estados Unidos comience el retiro de est\u00edmulos a la econom\u00eda son algunos de los factores que impulsan a la baja el precio del metal a futuro. En contrapartida, las expectativas de recuperaci\u00f3n de las principales econom\u00edas consumidoras de cobre y la persistente reducci\u00f3n de los inventarios en bolsas de metales son algunas de las circunstancias que empujar\u00edan al alza el precio del cobre.<\/p>\n<p>\u201cNo solamente es importante analizar el precio del cobre desde el punto de vista de la demanda, sino que tambi\u00e9n desde la oferta. Dado que Chile es el principal productor mundial, el que tengamos un nulo crecimiento de oferta anual, mientras el crecimiento promedio anual de la demanda mundial de cobre corresponde a un 2,4%, nos plantea un desaf\u00edo tremendo de poder capturar esa brecha de demanda con nuevos proyectos\u201d, agreg\u00f3 el subsecretario.<\/p>\n<p>El vicepresidente ejecutivo de Cochilco se\u00f1al\u00f3 que desde la perspectiva de los fundamentos del mercado del cobre, la nueva proyecci\u00f3n de precios indica que la oferta mundial de cobre refinado en 2021 se ubicar\u00eda por debajo del crecimiento medio anual de la demanda del metal. \u201cPrevemos que este a\u00f1o la oferta mundial de cobre aumentar\u00e1 2% mientras que la demanda crecer\u00eda 2,4%, imponiendo un sesgo positivo a la tendencia del precio del metal\u201d, sostuvo Marco Riveros.<\/p>\n<p>Distinto ser\u00eda para el a\u00f1o 2022, agreg\u00f3 el vicepresidente ejecutivo de Cochilco, cuando se proyecta una recuperaci\u00f3n m\u00e1s significativa de la producci\u00f3n de cobre.<\/p>\n<p>A\u00f1adi\u00f3 que en este contexto, el mercado del cobre refinado presentar\u00eda un d\u00e9ficit de 153 mil toneladas, y en\u00a0 2022 un super\u00e1vit de 190 mil toneladas de cobre. \u201cEstos vol\u00famenes representan entre tres y cuatro d\u00edas de consumo mundial, lo que mantiene las expectativas de un precio alto para el cobre\u201d, precis\u00f3 el vicepresidente ejecutivo de Cochilco.<\/p>\n<p><strong>Expectativas demanda y oferta de cobre<\/strong><\/p>\n<p>Para el a\u00f1o 2021 se prev\u00e9 que la demanda mundial de cobre refinado llegue a unas 24 millones de toneladas, lo que representa un alza de 2,4% respecto del a\u00f1o 2020. \u201cExcluyendo a China, los principales pa\u00edses consumidores de cobre transitar\u00edan hacia la recuperaci\u00f3n del consumo perdido en 2020 con un crecimiento 3,1%\u201d se\u00f1al\u00f3 el vicepresidente ejecutivo de Cochilco.<\/p>\n<p>Para 2022 agreg\u00f3 se proyecta una demanda de casi 24,7 millones de toneladas lo que implica un alza de 3% respecto de 2021.<\/p>\n<p>En t\u00e9rminos de la oferta mundial de cobre de cobre mina esta se expandir\u00eda 1,2% en 2021, alcanzando una producci\u00f3n de 20,9 millones de toneladas, observ\u00e1ndose una recuperaci\u00f3n generalizada en los principales pa\u00edses productores.<\/p>\n<p>Para Chile, el primer productor mundial, se proyecta que la producci\u00f3n se mantendr\u00eda en 2021 respecto a a\u00f1o 2020, alcanzando los 5,73 millones de toneladas.<\/p>\n","protected":false},"excerpt":{"rendered":"<p>La Comisi\u00f3n Chilena del Cobre (Cochilco) dio a conocer las principales conclusiones del Informe de Tendencias del Mercado del Cobre, correspondiente al segundo trimestre de&hellip; <\/p>\n","protected":false},"author":2,"featured_media":44728,"comment_status":"open","ping_status":"closed","sticky":false,"template":"","format":"standard","meta":{"footnotes":""},"categories":[38],"tags":[],"class_list":["post-44727","post","type-post","status-publish","format-standard","has-post-thumbnail","hentry","category-portada-regional"],"_links":{"self":[{"href":"https:\/\/www.radioamigavallenar.cl\/index.php?rest_route=\/wp\/v2\/posts\/44727","targetHints":{"allow":["GET"]}}],"collection":[{"href":"https:\/\/www.radioamigavallenar.cl\/index.php?rest_route=\/wp\/v2\/posts"}],"about":[{"href":"https:\/\/www.radioamigavallenar.cl\/index.php?rest_route=\/wp\/v2\/types\/post"}],"author":[{"embeddable":true,"href":"https:\/\/www.radioamigavallenar.cl\/index.php?rest_route=\/wp\/v2\/users\/2"}],"replies":[{"embeddable":true,"href":"https:\/\/www.radioamigavallenar.cl\/index.php?rest_route=%2Fwp%2Fv2%2Fcomments&post=44727"}],"version-history":[{"count":1,"href":"https:\/\/www.radioamigavallenar.cl\/index.php?rest_route=\/wp\/v2\/posts\/44727\/revisions"}],"predecessor-version":[{"id":44729,"href":"https:\/\/www.radioamigavallenar.cl\/index.php?rest_route=\/wp\/v2\/posts\/44727\/revisions\/44729"}],"wp:featuredmedia":[{"embeddable":true,"href":"https:\/\/www.radioamigavallenar.cl\/index.php?rest_route=\/wp\/v2\/media\/44728"}],"wp:attachment":[{"href":"https:\/\/www.radioamigavallenar.cl\/index.php?rest_route=%2Fwp%2Fv2%2Fmedia&parent=44727"}],"wp:term":[{"taxonomy":"category","embeddable":true,"href":"https:\/\/www.radioamigavallenar.cl\/index.php?rest_route=%2Fwp%2Fv2%2Fcategories&post=44727"},{"taxonomy":"post_tag","embeddable":true,"href":"https:\/\/www.radioamigavallenar.cl\/index.php?rest_route=%2Fwp%2Fv2%2Ftags&post=44727"}],"curies":[{"name":"wp","href":"https:\/\/api.w.org\/{rel}","templated":true}]}}