{"id":44713,"date":"2021-09-15T06:00:02","date_gmt":"2021-09-15T09:00:02","guid":{"rendered":"https:\/\/www.radioamigavallenar.cl\/?p=44713"},"modified":"2021-09-14T22:54:53","modified_gmt":"2021-09-15T01:54:53","slug":"sercotec-atacama-alista-catalogo-virtual-y-ferias-presenciales-a-lo-largo-de-la-region-para-celebrar-las-fiestas-patrias","status":"publish","type":"post","link":"https:\/\/www.radioamigavallenar.cl\/?p=44713","title":{"rendered":"Sercotec Atacama alista cat\u00e1logo virtual y ferias presenciales a lo largo de la Regi\u00f3n para celebrar las Fiestas Patrias"},"content":{"rendered":"<p>La feria presencial en Copiap\u00f3 estar\u00e1 ubicada en la Terraza Jumbo de Copiap\u00f3 entre los d\u00edas 13 al 17 de septiembre con m\u00e1s de 6 puestos, la expo de Vallenar estar\u00e1 en la Plaza Ambrosio O\u00b4Higgins, mientras que el cat\u00e1logo virtual estar\u00e1 habilitado entre el 15 al 27 de septiembre y tendr\u00e1 una oferta de 28 emprendedores y emprendedoras pertenecientes al rubro gastron\u00f3mico deportivo, de artesan\u00edas y jugueter\u00eda.<\/p>\n<p>&nbsp;<\/p>\n<p>Con el prop\u00f3sito de ofrecer productos exclusivos de la zona y dar a conocer el talento local y llenar de vida las fiestas patrias, Sercotec Atacama y El Centro de Negocios de Copiap\u00f3, iniciaron una serie de actividades para disfrutar este 18 de septiembre, en familia, con amigos o desde la virtualidad. En ese sentido, la terraza Jumbo de Copiap\u00f3 ubicado en Av. Copayapu 2406, puso a disposici\u00f3n desde el 13 al 17 de septiembre, su zona de ingreso principal para apoyar a 6 emprendedores de diferentes rubros y actividades comerciales. Asimismo, desde el 14 y 15 de septiembre entre las 10:00 a 17:00, estar\u00e1 habilitada la plaza Ambrosio O\u00b4Higgins de Vallenar, con 8 stands de los clientes de los Centros de Negocio de Sercotec de la comuna.<\/p>\n<p>Adem\u00e1s de esta actividad, el Centro de Negocios de Copiap\u00f3, laz\u00f3 el cat\u00e1logo virtual de fiestas patria que estar\u00e1 habilitado entre el 15 al 27 de septiembre desde en el enlace https:\/\/fiestaspatrias.expocdn.cl\/ para apoyar el comercio local desde la virtualidad.<\/p>\n<p>En ese contexto, la directora de Sercotec Atacama, Natalia Bravo Bassi, destac\u00f3 la importancia de potenciar el emprendimiento, la innovaci\u00f3n y el desarrollo econ\u00f3mico local de Atacama. \u201cEsta es una iniciativa muy poderosa y estamos muy contentos de apoyar a nuestros emprendedores en el marco de estas fiestas patrias. Adem\u00e1s, tenemos la posibilidad de poner a disposici\u00f3n todo lo que nosotros hacemos como Centro de Negocios, en materia de capacitaciones y asesor\u00edas y apoyo al emprendimiento\u201d.<\/p>\n<p style=\"text-align: center;\"><strong>Feria presencial Jumbo<\/strong><\/p>\n<p>El objetivo fundamental de esta Feria Presencial realizada por el Centro de Negocios Sercotec Copiap\u00f3 y Supermercado Jumbo, es poder mostrar de forma r\u00e1pida y de manera presencial la oferta que tienen nuestros clientes para este d\u00eda.<\/p>\n<p>En esta oportunidad la feria contar\u00e1 con los emprendimientos de Paulina Rivera con Sal del Himalaya Parrillera, Karen Flores contreras con Juguetes y accesorios hechos a mano; Gonzalo Garrido y art\u00edculos deportivo enfocado en el tenis; Julio Mar\u00edn Cisternas y sus tablas de Sanboard; Magali Yampufe con productos de Bisuter\u00eda y Nidia Dom\u00ednguez con artesan\u00eda en madera.<\/p>\n<p style=\"text-align: center;\"><strong>Cat\u00e1logo de Fiestas Patrias<\/strong><\/p>\n<p>El cat\u00e1logo de fiestas patrias es una invitaci\u00f3n a la comunidad a que prefiera los servicios y productos de los emprendedores y emprendedoras locales recomendados en dicho cat\u00e1logo, para celebrar estas fiestas dieciocheras con lo mejor de lo nuestro a nivel local y regional.<\/p>\n<p>Este cat\u00e1logo integra informaci\u00f3n de 15 clientes del Centro de negocios Copiap\u00f3 y 13 de Centro de negocios de Vallenar para un total de 28 emprendedoras y emprendedores, herramienta que estar\u00e1 disponible en el siguiente link: https:\/\/fiestaspatrias.expocdn.cl\/<\/p>\n<p style=\"text-align: center;\"><strong>Expo Vallenar<\/strong><\/p>\n<p>Este 14 y 15 de septiembre entre las 10:00 a 17:00 horas en la Plaza Ambrosio O\u00b4Higgins de Vallenar, con 8 stands habilitados, los emprendedores y emprendedoras de Huasco, se dar\u00e1n cita en la primera Expo Fiestas Patrias que est\u00e1 organizando el Centro de Negocios Sercotec Vallenar, para promover la difusi\u00f3n y venta de productos especiales.<\/p>\n<p>Guillermo Iriarte, productor de Pajarete Vendimia y participante de la expo se\u00f1al\u00f3 respecto a la exposici\u00f3n que \u00abes muy buena porque es la primera vez que tenemos esta feria y es muy importante para los peque\u00f1os productores, porque as\u00ed vendemos y pagamos nuestras deudas. Estamos al aire libre, por eso invito a toda la gente de Vallenar a degustar los pajaretes, aceites de oliva, hay cerveza, empanadas, as\u00ed que est\u00e1 todo muy rico\u00bb.<\/p>\n<p>Los productos m\u00e1s populares de la feria ser\u00e1n los quesos, cervezas, el pajarete, el pisco, el aceite de oliva, las tortas y pasteler\u00eda, las empanadas, productos gourmet, entre otros<\/p>\n","protected":false},"excerpt":{"rendered":"<p>La feria presencial en Copiap\u00f3 estar\u00e1 ubicada en la Terraza Jumbo de Copiap\u00f3 entre los d\u00edas 13 al 17 de septiembre con m\u00e1s de 6&hellip; <\/p>\n","protected":false},"author":2,"featured_media":44714,"comment_status":"open","ping_status":"closed","sticky":false,"template":"","format":"standard","meta":{"footnotes":""},"categories":[7],"tags":[],"class_list":["post-44713","post","type-post","status-publish","format-standard","has-post-thumbnail","hentry","category-atacama"],"_links":{"self":[{"href":"https:\/\/www.radioamigavallenar.cl\/index.php?rest_route=\/wp\/v2\/posts\/44713","targetHints":{"allow":["GET"]}}],"collection":[{"href":"https:\/\/www.radioamigavallenar.cl\/index.php?rest_route=\/wp\/v2\/posts"}],"about":[{"href":"https:\/\/www.radioamigavallenar.cl\/index.php?rest_route=\/wp\/v2\/types\/post"}],"author":[{"embeddable":true,"href":"https:\/\/www.radioamigavallenar.cl\/index.php?rest_route=\/wp\/v2\/users\/2"}],"replies":[{"embeddable":true,"href":"https:\/\/www.radioamigavallenar.cl\/index.php?rest_route=%2Fwp%2Fv2%2Fcomments&post=44713"}],"version-history":[{"count":1,"href":"https:\/\/www.radioamigavallenar.cl\/index.php?rest_route=\/wp\/v2\/posts\/44713\/revisions"}],"predecessor-version":[{"id":44715,"href":"https:\/\/www.radioamigavallenar.cl\/index.php?rest_route=\/wp\/v2\/posts\/44713\/revisions\/44715"}],"wp:featuredmedia":[{"embeddable":true,"href":"https:\/\/www.radioamigavallenar.cl\/index.php?rest_route=\/wp\/v2\/media\/44714"}],"wp:attachment":[{"href":"https:\/\/www.radioamigavallenar.cl\/index.php?rest_route=%2Fwp%2Fv2%2Fmedia&parent=44713"}],"wp:term":[{"taxonomy":"category","embeddable":true,"href":"https:\/\/www.radioamigavallenar.cl\/index.php?rest_route=%2Fwp%2Fv2%2Fcategories&post=44713"},{"taxonomy":"post_tag","embeddable":true,"href":"https:\/\/www.radioamigavallenar.cl\/index.php?rest_route=%2Fwp%2Fv2%2Ftags&post=44713"}],"curies":[{"name":"wp","href":"https:\/\/api.w.org\/{rel}","templated":true}]}}