{"id":44697,"date":"2021-09-15T06:00:57","date_gmt":"2021-09-15T09:00:57","guid":{"rendered":"https:\/\/www.radioamigavallenar.cl\/?p=44697"},"modified":"2021-09-14T22:43:09","modified_gmt":"2021-09-15T01:43:09","slug":"gimnasta-copiapina-martina-espejo-se-prepara-para-el-sudamericano-de-colombia","status":"publish","type":"post","link":"https:\/\/www.radioamigavallenar.cl\/?p=44697","title":{"rendered":"Gimnasta copiapina Martina Espejo se prepara para el Sudamericano de Colombia"},"content":{"rendered":"<p>Con toda la ilusi\u00f3n y ansias de cumplir su sue\u00f1o de representar al pa\u00eds y a la regi\u00f3n, la joven gimnasta copiapina, Martina Espejo Jeraldo, se prepara para el Sudamericano de Gimnasia R\u00edtmica, a realizarse en Cali, Colombia, a principios de noviembre.<\/p>\n<p>Este martes, el Seremi del Deporte, Guillermo Procuriza y la Directora Regional del IND, Maritza Vera, se reunieron en las oficinas institucionales con la deportista y su madre, para reconocerla por la nominaci\u00f3n realizada por la Federaci\u00f3n Nacional de Gimnasia de Chile que proyecta su carrera a nivel internacional.<\/p>\n<p>En la ocasi\u00f3n, las autoridades felicitaron a la joven por este logro en su carrera y la invitaron a que se pueda incorporar el pr\u00f3ximo a\u00f1o al programa \u201cPromesas Chile\u201d del Mindep-IND que apoya a los talentos deportivos regionales. Igualmente, el Secretario Regional Ministerial inform\u00f3 sobre la beca del Gobierno Regional del \u201cTeam Atacama\u201d para que Martina postule hasta el 23 de septiembre a trav\u00e9s de su club a este aporte econ\u00f3mico anual.<\/p>\n<p>En la reuni\u00f3n, la deportista de 14 a\u00f1os, alumna del Liceo Cat\u00f3lico Atacama, manifest\u00f3 su alegr\u00eda por competir en el extranjero: \u201cMe siento emocionada y feliz porque soy la \u00fanica del norte que va a competir. Participar\u00e9 en conjunto, con 5 compa\u00f1eras y una reserva, que realizaremos esquemas de bal\u00f3n y cintas. Esta es la primera vez que compito en un sudamericano, por lo que estoy ansiosa y espero que me vaya bien. Para eso entreno todos los d\u00edas\u201d.<\/p>\n","protected":false},"excerpt":{"rendered":"<p>Con toda la ilusi\u00f3n y ansias de cumplir su sue\u00f1o de representar al pa\u00eds y a la regi\u00f3n, la joven gimnasta copiapina, Martina Espejo Jeraldo,&hellip; <\/p>\n","protected":false},"author":2,"featured_media":44698,"comment_status":"open","ping_status":"closed","sticky":false,"template":"","format":"standard","meta":{"footnotes":""},"categories":[38],"tags":[],"class_list":["post-44697","post","type-post","status-publish","format-standard","has-post-thumbnail","hentry","category-portada-regional"],"_links":{"self":[{"href":"https:\/\/www.radioamigavallenar.cl\/index.php?rest_route=\/wp\/v2\/posts\/44697","targetHints":{"allow":["GET"]}}],"collection":[{"href":"https:\/\/www.radioamigavallenar.cl\/index.php?rest_route=\/wp\/v2\/posts"}],"about":[{"href":"https:\/\/www.radioamigavallenar.cl\/index.php?rest_route=\/wp\/v2\/types\/post"}],"author":[{"embeddable":true,"href":"https:\/\/www.radioamigavallenar.cl\/index.php?rest_route=\/wp\/v2\/users\/2"}],"replies":[{"embeddable":true,"href":"https:\/\/www.radioamigavallenar.cl\/index.php?rest_route=%2Fwp%2Fv2%2Fcomments&post=44697"}],"version-history":[{"count":1,"href":"https:\/\/www.radioamigavallenar.cl\/index.php?rest_route=\/wp\/v2\/posts\/44697\/revisions"}],"predecessor-version":[{"id":44699,"href":"https:\/\/www.radioamigavallenar.cl\/index.php?rest_route=\/wp\/v2\/posts\/44697\/revisions\/44699"}],"wp:featuredmedia":[{"embeddable":true,"href":"https:\/\/www.radioamigavallenar.cl\/index.php?rest_route=\/wp\/v2\/media\/44698"}],"wp:attachment":[{"href":"https:\/\/www.radioamigavallenar.cl\/index.php?rest_route=%2Fwp%2Fv2%2Fmedia&parent=44697"}],"wp:term":[{"taxonomy":"category","embeddable":true,"href":"https:\/\/www.radioamigavallenar.cl\/index.php?rest_route=%2Fwp%2Fv2%2Fcategories&post=44697"},{"taxonomy":"post_tag","embeddable":true,"href":"https:\/\/www.radioamigavallenar.cl\/index.php?rest_route=%2Fwp%2Fv2%2Ftags&post=44697"}],"curies":[{"name":"wp","href":"https:\/\/api.w.org\/{rel}","templated":true}]}}