{"id":4406,"date":"2017-03-29T12:21:23","date_gmt":"2017-03-29T15:21:23","guid":{"rendered":"http:\/\/www.radioamigavallenar.cl\/?p=4406"},"modified":"2017-03-29T12:21:23","modified_gmt":"2017-03-29T15:21:23","slug":"carabineros-de-atacama-analizaron-el-fenomeno-criminal-de-la-region","status":"publish","type":"post","link":"https:\/\/www.radioamigavallenar.cl\/?p=4406","title":{"rendered":"Carabineros de Atacama analizaron el fen\u00f3meno criminal de la regi\u00f3n"},"content":{"rendered":"<div style=\"text-align: justify;\"><a href=\"http:\/\/www.radioamigavallenar.cl\/wp-content\/uploads\/2017\/03\/Carabineros-de-Atacama.jpg\"><img loading=\"lazy\" decoding=\"async\" class=\" size-medium wp-image-4408 aligncenter\" src=\"http:\/\/www.radioamigavallenar.cl\/wp-content\/uploads\/2017\/03\/Carabineros-de-Atacama-300x122.jpg\" alt=\"Carabineros de Atacama\" width=\"300\" height=\"122\" srcset=\"https:\/\/www.radioamigavallenar.cl\/wp-content\/uploads\/2017\/03\/Carabineros-de-Atacama-300x122.jpg 300w, https:\/\/www.radioamigavallenar.cl\/wp-content\/uploads\/2017\/03\/Carabineros-de-Atacama.jpg 700w\" sizes=\"auto, (max-width: 300px) 100vw, 300px\" \/><\/a><\/div>\n<div style=\"text-align: justify;\"><\/div>\n<div id=\"m_-3920976776873306441yiv0757942747yui_3_16_0_1_1490799091805_2802\" style=\"text-align: justify;\"><span id=\"m_-3920976776873306441yiv0757942747yui_3_16_0_1_1490799091805_2803\" lang=\"ES-US\">El Jefe de la III Zona de Carabineros Atacama, General Mauro Victtoriano Krebs, se reuni\u00f3 con la Plana Mayor de la Prefectura y los jefes de las secciones especializadas y retenes, para analizar el fen\u00f3meno criminal en la regi\u00f3n. <span id=\"m_-3920976776873306441yiv0757942747yui_3_16_0_1_1490799091805_2804\">\u00a0<\/span><\/span><\/div>\n<div id=\"m_-3920976776873306441yiv0757942747yui_3_16_0_1_1490799091805_2806\" style=\"text-align: justify;\"><span id=\"m_-3920976776873306441yiv0757942747yui_3_16_0_1_1490799091805_2807\" lang=\"ES-US\">\u00a0<\/span><\/div>\n<div id=\"m_-3920976776873306441yiv0757942747yui_3_16_0_1_1490799091805_2809\" style=\"text-align: justify;\"><span id=\"m_-3920976776873306441yiv0757942747yui_3_16_0_1_1490799091805_2810\" lang=\"ES-US\">Este an\u00e1lisis arroj\u00f3 como resultado <\/span><span id=\"m_-3920976776873306441yiv0757942747yui_3_16_0_1_1490799091805_2811\">una disminuci\u00f3n de un -10% en los delitos de mayor connotaci\u00f3n social en el per\u00edodo comprendido entre la semana del 13 al 19 de marzo. Dentro de este an\u00e1lisis las comisar\u00edas de Cha\u00f1aral y Vallenar fueron quienes presentaron la mayor disminuci\u00f3n en los delitos violentos y contra la propiedad.<\/span><\/div>\n<div id=\"m_-3920976776873306441yiv0757942747yui_3_16_0_1_1490799091805_2813\" style=\"text-align: justify;\"><span id=\"m_-3920976776873306441yiv0757942747yui_3_16_0_1_1490799091805_2814\">\u00a0<\/span><\/div>\n<div id=\"m_-3920976776873306441yiv0757942747yui_3_16_0_1_1490799091805_2816\" style=\"text-align: justify;\"><span id=\"m_-3920976776873306441yiv0757942747yui_3_16_0_1_1490799091805_2817\">Junto con valorar y destacar el trabajo, <\/span><span id=\"m_-3920976776873306441yiv0757942747yui_3_16_0_1_1490799091805_2818\" lang=\"ES-US\">el General Victtoriano reiter\u00f3 al personal<\/span><span id=\"m_-3920976776873306441yiv0757942747yui_3_16_0_1_1490799091805_2819\" lang=\"ES-US\"> <\/span><span id=\"m_-3920976776873306441yiv0757942747yui_3_16_0_1_1490799091805_2820\">el <\/span><span id=\"m_-3920976776873306441yiv0757942747yui_3_16_0_1_1490799091805_2821\" lang=\"ES-US\">compromiso de Carabineros en marcar mayor presencia efectiva en las calles y a toda hora. Dentro de este contexto, dijo que todos los esfuerzos se deben seguir enfocando hacia la prevenci\u00f3n y la seguridad de la ciudadan\u00eda, manteniendo el reforzamiento de los patrullajes tanto de infanter\u00eda como motorizado.<\/span><\/div>\n<div id=\"m_-3920976776873306441yiv0757942747yui_3_16_0_1_1490799091805_2823\" style=\"text-align: justify;\"><span id=\"m_-3920976776873306441yiv0757942747yui_3_16_0_1_1490799091805_2824\" lang=\"ES-US\">\u00a0<\/span><\/div>\n<div id=\"m_-3920976776873306441yiv0757942747yui_3_16_0_1_1490799091805_2826\" style=\"text-align: justify;\"><span id=\"m_-3920976776873306441yiv0757942747yui_3_16_0_1_1490799091805_2827\" lang=\"ES-US\">Esta tarea est\u00e1 dando sus frutos y claramente lo muestran las \u00faltimas cifras del estudio criminal desarrollado por el Departamento de Operaciones de la III Zona de Carabineros Atacama, manifest\u00f3<\/span><span id=\"m_-3920976776873306441yiv0757942747yui_3_16_0_1_1490799091805_2828\"> el General Victtoriano. \u201cLos desaf\u00edos en materia de prevenci\u00f3n y control de la criminalidad exigen una progresiva optimizaci\u00f3n de nuestra labor; si bien hemos avanzado en la modernizaci\u00f3n de nuestro despliegue en el territorio, es necesario continuar perseverando en mejorar de manera continua nuestros protocolos y procedimientos de actuaci\u00f3n\u201d.<\/span><\/div>\n<div id=\"m_-3920976776873306441yiv0757942747yui_3_16_0_1_1490799091805_2830\" style=\"text-align: justify;\"><span id=\"m_-3920976776873306441yiv0757942747yui_3_16_0_1_1490799091805_2831\">\u00a0<\/span><\/div>\n<div id=\"m_-3920976776873306441yiv0757942747yui_3_16_0_1_1490799091805_2833\" style=\"text-align: justify;\"><span id=\"m_-3920976776873306441yiv0757942747yui_3_16_0_1_1490799091805_2834\">La m\u00e1xima autoridad de Carabineros en Atacama puso \u00e9nfasis en el crecimiento de las demandas y la movilidad delictual, haciendo ver que ello exige tambi\u00e9n mayor presencia en las calles. Por esto, dijo m\u00e1s adelante, para asegurar el \u00e9xito de la gesti\u00f3n se ha dispuesto fortalecer las capacidades del personal y acrecentar la relaci\u00f3n con el vecino.<span id=\"m_-3920976776873306441yiv0757942747yui_3_16_0_1_1490799091805_2835\">\u00a0<\/span><\/span><\/div>\n<div id=\"m_-3920976776873306441yiv0757942747yui_3_16_0_1_1490799091805_2837\" style=\"text-align: justify;\"><span id=\"m_-3920976776873306441yiv0757942747yui_3_16_0_1_1490799091805_2838\">\u00a0<\/span><\/div>\n<div id=\"m_-3920976776873306441yiv0757942747yui_3_16_0_1_1490799091805_2840\" style=\"text-align: justify;\"><span id=\"m_-3920976776873306441yiv0757942747yui_3_16_0_1_1490799091805_2841\">Por \u00faltimo, el General Mauro Victtoriano, dijo que no obstante el trabajo que est\u00e1 realizando Carabineros como el resto de los organismos p\u00fablicos con competencia en el tema de la seguridad, la ciudadan\u00eda tambi\u00e9n debe organizarse y participar de estas estrategias que tienen como prop\u00f3sito principal disminuir la delincuencia y mejorar la sensaci\u00f3n de seguridad de todos.<\/span><\/div>\n","protected":false},"excerpt":{"rendered":"<p>El Jefe de la III Zona de Carabineros Atacama, General Mauro Victtoriano Krebs, se reuni\u00f3 con la Plana Mayor de la Prefectura y los jefes&hellip; <\/p>\n","protected":false},"author":2,"featured_media":4408,"comment_status":"open","ping_status":"closed","sticky":false,"template":"","format":"standard","meta":{"footnotes":""},"categories":[6],"tags":[],"class_list":["post-4406","post","type-post","status-publish","format-standard","has-post-thumbnail","hentry","category-policial"],"_links":{"self":[{"href":"https:\/\/www.radioamigavallenar.cl\/index.php?rest_route=\/wp\/v2\/posts\/4406","targetHints":{"allow":["GET"]}}],"collection":[{"href":"https:\/\/www.radioamigavallenar.cl\/index.php?rest_route=\/wp\/v2\/posts"}],"about":[{"href":"https:\/\/www.radioamigavallenar.cl\/index.php?rest_route=\/wp\/v2\/types\/post"}],"author":[{"embeddable":true,"href":"https:\/\/www.radioamigavallenar.cl\/index.php?rest_route=\/wp\/v2\/users\/2"}],"replies":[{"embeddable":true,"href":"https:\/\/www.radioamigavallenar.cl\/index.php?rest_route=%2Fwp%2Fv2%2Fcomments&post=4406"}],"version-history":[{"count":0,"href":"https:\/\/www.radioamigavallenar.cl\/index.php?rest_route=\/wp\/v2\/posts\/4406\/revisions"}],"wp:featuredmedia":[{"embeddable":true,"href":"https:\/\/www.radioamigavallenar.cl\/index.php?rest_route=\/wp\/v2\/media\/4408"}],"wp:attachment":[{"href":"https:\/\/www.radioamigavallenar.cl\/index.php?rest_route=%2Fwp%2Fv2%2Fmedia&parent=4406"}],"wp:term":[{"taxonomy":"category","embeddable":true,"href":"https:\/\/www.radioamigavallenar.cl\/index.php?rest_route=%2Fwp%2Fv2%2Fcategories&post=4406"},{"taxonomy":"post_tag","embeddable":true,"href":"https:\/\/www.radioamigavallenar.cl\/index.php?rest_route=%2Fwp%2Fv2%2Ftags&post=4406"}],"curies":[{"name":"wp","href":"https:\/\/api.w.org\/{rel}","templated":true}]}}