{"id":4401,"date":"2017-03-29T10:10:40","date_gmt":"2017-03-29T13:10:40","guid":{"rendered":"http:\/\/www.radioamigavallenar.cl\/?p=4401"},"modified":"2017-03-29T10:10:40","modified_gmt":"2017-03-29T13:10:40","slug":"pescadores-de-caleta-zenteno-reciben-equipamiento-para-iniciar-cultivos-de-ostiones","status":"publish","type":"post","link":"https:\/\/www.radioamigavallenar.cl\/?p=4401","title":{"rendered":"Pescadores de Caleta Zenteno reciben equipamiento para iniciar cultivos de ostiones"},"content":{"rendered":"<p style=\"text-align: justify;\"><a href=\"http:\/\/www.radioamigavallenar.cl\/wp-content\/uploads\/2017\/03\/Pescadores.jpg\"><img loading=\"lazy\" decoding=\"async\" class=\" size-medium wp-image-4402 aligncenter\" src=\"http:\/\/www.radioamigavallenar.cl\/wp-content\/uploads\/2017\/03\/Pescadores-300x165.jpg\" alt=\"Pescadores\" width=\"300\" height=\"165\" srcset=\"https:\/\/www.radioamigavallenar.cl\/wp-content\/uploads\/2017\/03\/Pescadores-300x165.jpg 300w, https:\/\/www.radioamigavallenar.cl\/wp-content\/uploads\/2017\/03\/Pescadores.jpg 700w\" sizes=\"auto, (max-width: 300px) 100vw, 300px\" \/><\/a><\/p>\n<p style=\"text-align: justify;\">Pescadores de la Caleta Zenteno de la comuna de Caldera, tras culminar su participaci\u00f3n en los talleres de capacitaci\u00f3n entregados por el CRIDESAT de la Universidad de Atacama, recibieron la implementaci\u00f3n b\u00e1sica para poder llevar adelante los proyectos de cultivo que buscan instalar en el sector, donde tambi\u00e9n han impulsado otras mejoras con la finalidad de atraer a los turistas que llegan a la regi\u00f3n.<\/p>\n<p style=\"text-align: justify;\">En el marco del proyecto denominado \u201cDise\u00f1o e implementaci\u00f3n de un Programa de Acuicultura a peque\u00f1a Escala (APE), a trav\u00e9s de cultivos de Ostra Japonesa (<em>Crassostrea gigas<\/em>) y Osti\u00f3n del Norte (<em>Argopectenpurpuratus<\/em>) para organizaciones de Pescadores Artesanales de la regi\u00f3n de Atacama,\u00a0 FIC OSTION-OSTRA APE\u201d, financiado con el Fondo de Innovaci\u00f3n para la Competitividad (FIC) que entrega el Gobierno Regional de Atacama y que cuenta con el apoyo de Minera CAP, lo que se enmarca en la estrategia de desarrollo regional, los integrantes de la Coperativa Zenteno, recibieron linternas de cultivo, cabos para el cultivo, roletes y pescantes con winche para la embarcaci\u00f3n de la organizaci\u00f3n, esto para realizar faenas en mar, lo que permitir\u00e1 equipar a la agrupaci\u00f3n para que \u00a0comiencen a desarrollar actividades de acuicultura propiamente tal y con esto dar inicio al proceso de diversificaci\u00f3n productiva de las organizaciones beneficiarias.<\/p>\n<p style=\"text-align: justify;\">Rafael Crisostomo, director del proyecto se\u00f1al\u00f3 que \u201ces muy importante la entrega que estamos materializando el d\u00eda de hoy porque nos acerca a los objetivos que nos hemos trazado y es que los\u00a0 sindicatos \u00a0que han trabajado con nosotros puedan implementar sus propios cultivos y pasen a ser productores del mar dejando ya de ser s\u00f3lo extractores\u201d.<\/p>\n<p style=\"text-align: justify;\">Por su parte Luis Peralta, presidente de la Cooperativa Zenteno dijo que \u201cpara nosotros estar hoy en nuestra caleta recibiendo esta implementaci\u00f3n es como ver que el esfuerzo que hemos hecho de asistir a las capacitaciones, de meternos en un proyecto y dedicar tiempo est\u00e1 dando resultados concretos que son palpables, ac\u00e1 no nos apoyaron solo con teor\u00eda, sino que tambi\u00e9n pr\u00e1ctica y ahora con los elementos b\u00e1sicos para empezar\u201d.<\/p>\n<p style=\"text-align: justify;\">Se espera que a fin de a\u00f1o tengan ya instaladas sus granjas de cultivo, mientras las semillas que le fueron entregadas se reproducen en las granjas del sector El Morro donde funciona el Centro de Investigaci\u00f3n Costera de la Universidad de Atacama.<\/p>\n","protected":false},"excerpt":{"rendered":"<p>Pescadores de la Caleta Zenteno de la comuna de Caldera, tras culminar su participaci\u00f3n en los talleres de capacitaci\u00f3n entregados por el CRIDESAT de la&hellip; <\/p>\n","protected":false},"author":2,"featured_media":4402,"comment_status":"open","ping_status":"closed","sticky":false,"template":"","format":"standard","meta":{"footnotes":""},"categories":[7],"tags":[],"class_list":["post-4401","post","type-post","status-publish","format-standard","has-post-thumbnail","hentry","category-atacama"],"_links":{"self":[{"href":"https:\/\/www.radioamigavallenar.cl\/index.php?rest_route=\/wp\/v2\/posts\/4401","targetHints":{"allow":["GET"]}}],"collection":[{"href":"https:\/\/www.radioamigavallenar.cl\/index.php?rest_route=\/wp\/v2\/posts"}],"about":[{"href":"https:\/\/www.radioamigavallenar.cl\/index.php?rest_route=\/wp\/v2\/types\/post"}],"author":[{"embeddable":true,"href":"https:\/\/www.radioamigavallenar.cl\/index.php?rest_route=\/wp\/v2\/users\/2"}],"replies":[{"embeddable":true,"href":"https:\/\/www.radioamigavallenar.cl\/index.php?rest_route=%2Fwp%2Fv2%2Fcomments&post=4401"}],"version-history":[{"count":0,"href":"https:\/\/www.radioamigavallenar.cl\/index.php?rest_route=\/wp\/v2\/posts\/4401\/revisions"}],"wp:featuredmedia":[{"embeddable":true,"href":"https:\/\/www.radioamigavallenar.cl\/index.php?rest_route=\/wp\/v2\/media\/4402"}],"wp:attachment":[{"href":"https:\/\/www.radioamigavallenar.cl\/index.php?rest_route=%2Fwp%2Fv2%2Fmedia&parent=4401"}],"wp:term":[{"taxonomy":"category","embeddable":true,"href":"https:\/\/www.radioamigavallenar.cl\/index.php?rest_route=%2Fwp%2Fv2%2Fcategories&post=4401"},{"taxonomy":"post_tag","embeddable":true,"href":"https:\/\/www.radioamigavallenar.cl\/index.php?rest_route=%2Fwp%2Fv2%2Ftags&post=4401"}],"curies":[{"name":"wp","href":"https:\/\/api.w.org\/{rel}","templated":true}]}}