{"id":4394,"date":"2017-03-29T09:23:36","date_gmt":"2017-03-29T12:23:36","guid":{"rendered":"http:\/\/www.radioamigavallenar.cl\/?p=4394"},"modified":"2017-03-29T09:23:36","modified_gmt":"2017-03-29T12:23:36","slug":"educadores-de-la-provincia-del-huasco-recibieron-certificacion-de-voleibol-en-vallenar","status":"publish","type":"post","link":"https:\/\/www.radioamigavallenar.cl\/?p=4394","title":{"rendered":"Educadores de la Provincia del Huasco recibieron certificaci\u00f3n de Voleibol en Vallenar"},"content":{"rendered":"<p class=\"m_-7248160268570712899m_2956799847550733336gmail-Direccin\" style=\"text-align: justify;\"><a href=\"http:\/\/www.radioamigavallenar.cl\/wp-content\/uploads\/2017\/03\/certificaci\u00f3n-voleibol.jpg\"><img loading=\"lazy\" decoding=\"async\" class=\" size-medium wp-image-4395 aligncenter\" src=\"http:\/\/www.radioamigavallenar.cl\/wp-content\/uploads\/2017\/03\/certificaci\u00f3n-voleibol-300x126.jpg\" alt=\"certificaci\u00f3n voleibol\" width=\"300\" height=\"126\" srcset=\"https:\/\/www.radioamigavallenar.cl\/wp-content\/uploads\/2017\/03\/certificaci\u00f3n-voleibol-300x126.jpg 300w, https:\/\/www.radioamigavallenar.cl\/wp-content\/uploads\/2017\/03\/certificaci\u00f3n-voleibol.jpg 700w\" sizes=\"auto, (max-width: 300px) 100vw, 300px\" \/><\/a><\/p>\n<p class=\"m_-7248160268570712899m_2956799847550733336gmail-Direccin\" style=\"text-align: justify;\">Este 24 y 25 de marzo educadores de diferentes establecimientos educacionales recibieron capacitaci\u00f3n y posterior certificaci\u00f3n de \u201cVolibol, Un Trabajo en Equipo\u201d, evento realizado en conjunto entre la municipalidad de Vallenar, Daem Vallenar, IND Atacama, y Club Deportivo Algarrobo; creado con el objetivo de fortalecer sus conocimientos y a la vez que los alumnos puedan llegar a instancias de competici\u00f3n como los juegos nacionales y Judejut.<\/p>\n<p class=\"m_-7248160268570712899m_2956799847550733336gmail-Direccin\" style=\"text-align: justify;\">La ceremonia fue encabezada por Cristian Tapia, alcalde de Vallenar, junto Oscar Tapia, Jefe de Daem con su equipo y Alex L\u00f3pez, Gestor Territorial de los Pre Deportivos del IND. En la certificaci\u00f3n la m\u00e1xima autoridad comunal felicit\u00f3 a los participantes por estar a disposici\u00f3n del deporte y se\u00f1al\u00f3 tener desaf\u00edos importantes, <b><i>\u201cVallenar es una cuna importante de deportistas donde no solamente el f\u00fatbol tiene que ser el que predomine; nosotros estamos construyendo en todos los sectores poblacionales campos deportivos para practicar todas las disciplinas, tenemos que entregar esa herramienta primero a ustedes, los profesores porque sabemos que el deporte es un espacio con el cual podemos sacar a los j\u00f3venes de la droga, el alcoholismo, de los espacios de ocios, en el que ese espacio es nuestra responsabilidad y es por eso que estamos planificando una pol\u00edtica de deporte concreta de mediano y largo plazo. De aqu\u00ed en adelante hay que seguir trabajando juntos en post de nuestros ni\u00f1os y principalmente para aquellos que se sienten vulnerados.\u201d<\/i><\/b><\/p>\n<p class=\"m_-7248160268570712899m_2956799847550733336gmail-Direccin\" style=\"text-align: justify;\">La capacitaci\u00f3n fue dirigida a profesores de educaci\u00f3n f\u00edsica, entrenadores de <span class=\"il\">voleibol<\/span>, monitores y \u00e1rbitros; los que en dos jornadas intensas de clases te\u00f3rico-pr\u00e1cticas aprendieron y reforzaron conocimientos sobre el aprendizaje del <span class=\"il\">voleibol<\/span> por medio del mini <span class=\"il\">voleibol<\/span>, visualici\u00f3n de t\u00e9cnicas de juego y proceso de ense\u00f1anza en la iniciaci\u00f3n al deporte, din\u00e1micas y tareas fundamentales de un entrenador.<\/p>\n<p class=\"m_-7248160268570712899m_2956799847550733336gmail-Direccin\" style=\"text-align: justify;\">La alta concurrencia fue muy valorada por Oscar Tapia quien enfatiz\u00f3 en la importancia de reconocer a los docentes que en su d\u00eda de descanso asistieron, <b><i>\u201cPara nosotros es muy importante hacer un reconocimiento ya que si bien es dif\u00edcil que un funcionario de cualquier empresa se capacite, es m\u00e1s dif\u00edcil a\u00fan que lo haga un d\u00eda de descanso, entonces es muy valorable de nuestra parte como departamento educaci\u00f3n municipal que nuestros profesores est\u00e9n presente hoy un d\u00eda s\u00e1bado en esta capacitaci\u00f3n que se suma al encuentro provincial realizado el a\u00f1o 2016. Nosotros nos comprometimos con los profesores a ir reforzando estas capacitaciones en post de mejorar la entrega de educaci\u00f3n a nuestros alumnos por lo tanto, la capacitaci\u00f3n de los profesores es fundamental si ellos no se motivaran en estas capacitaciones no podr\u00edamos seguir creciendo\u201d.<\/i><\/b><\/p>\n<p class=\"m_-7248160268570712899m_2956799847550733336gmail-Direccin\" style=\"text-align: justify;\">La elecci\u00f3n del <span class=\"il\">voleibol<\/span> como el deporte de esta capacitaci\u00f3n fue explicado por el expositor, Luis Cort\u00e9s, profesor de Eduaci\u00f3n F\u00edsica y entrenador nacional de la Federaci\u00f3n de <span class=\"il\">Voleibol<\/span> de Chile (FEVOCHI), <b><i>\u201cEsta capacitaci\u00f3n nace de una necesidad que tenemos en la Regi\u00f3n de tener equipos que nos representen, a trav\u00e9s de estas capacitaciones pensamos y esperamos que de aqu\u00ed salgan futuros t\u00e9cnicos, profesores, entrenadores que van a dirigir las selecciones de equipos y que a trav\u00e9s de las clases de educaci\u00f3n f\u00edsica y posteriores selecciones van a tratar de sacar mejores jugadores para que nos representen\u201d.<\/i><\/b><\/p>\n<p class=\"m_-7248160268570712899m_2956799847550733336gmail-Direccin\" style=\"text-align: justify;\">Cesar Araya, profesor de Educaci\u00f3n F\u00edsica de la Universidad de Atacama y entrenador internacional de Federaci\u00f3n Internacional de <span class=\"il\">Voleibol<\/span>(FIVB), quien tambi\u00e9n fue expositor en la capacitaci\u00f3n, indic\u00f3 que para \u00e9l lo interesante fue poder ver las realidades en que los educadores se desenvuelven, \u201c<b><i>Nos dio una visi\u00f3n de c\u00f3mo se est\u00e1n preparando a los nuevos voleibolistas, porque esto va en funci\u00f3n de las nuevas escuelas y que en los colegios municipales apoyen la labor de los profesores para que se aprueben academias.\u201d<\/i><\/b><\/p>\n<p class=\"m_-7248160268570712899m_2956799847550733336gmail-Direccin\" style=\"text-align: justify;\">Los 26 asistentes aprendieron en 10 m\u00f3dulos de metodolog\u00eda de ense\u00f1anza del mini <span class=\"il\">voleibol<\/span>: interpretaci\u00f3n del desarrollo t\u00e9cnico y t\u00e1ctico del jugador a partir de la secuencia 1 v\/s 1 a 4 v\/s 4, comprensi\u00f3n y relaci\u00f3n de la transici\u00f3n desde mini <span class=\"il\">voleibol<\/span> 4 v\/s 4 a juego de 6 v\/s 6, conocimiento de metodolog\u00eda de ense\u00f1anza de los fundamentos b\u00e1sicos, as\u00ed como las consideraciones te\u00f3ricas y pr\u00e1cticas aplicadas a clases y entrenamientos, y la implementaci\u00f3n de ejercicios adecuados para que los ni\u00f1os y ni\u00f1as aprendan los fundamentos b\u00e1sicos del juego.<\/p>\n<p class=\"m_-7248160268570712899m_2956799847550733336gmail-Direccin\" style=\"text-align: justify;\">Para Katherine Olivares, profesora de Educaci\u00f3n F\u00edsica de la Escuela Gualberto Kong Fern\u00e1ndez, certificada en esta oportunidad, fue una enriquecedora experiencia, <b><i>\u201cDesde el a\u00f1o pasado Daem en conjunto con otros estamentos est\u00e1n realizando capacitaciones las cuales a uno como docente es muy importante para tener una retroalimentaci\u00f3n y un conocimiento constante de las distintas disciplinas.\u201d<\/i><\/b><\/p>\n<p class=\"m_-7248160268570712899m_2956799847550733336gmail-Direccin\" style=\"text-align: justify;\">Al finalizar las capacitaciones Alex L\u00f3pez, se dirigi\u00f3 a los certificados felicit\u00e1ndolos y destacando que el desaf\u00edo de la capacitaci\u00f3n es poder implementar una liga de mini <span class=\"il\">voleibol<\/span> el a\u00f1o 2018, la que ser\u00e1 organizada junto al Daem en la que se espera una participaci\u00f3n de 100 ni\u00f1os y ni\u00f1as de diversos establecimientos educacionales, por lo que llam\u00f3 a los educadores asistentes a hacerla realidad, <b><i>\u201cEsto depender\u00e1 totalmente de ustedes, los que adquirieron estos conocimientos y logren traspasarlo en sus colegios y a sus alumnos; ya que la \u00fanica manera de justificar una mayor inversi\u00f3n es a trav\u00e9s de la cantidad de participantes, con lo que se justifica que existe una demanda, y se puede con eso llevar esta necesidad a nivel central y as\u00ed adquirirla.\u201d<\/i><\/b><\/p>\n","protected":false},"excerpt":{"rendered":"<p>Este 24 y 25 de marzo educadores de diferentes establecimientos educacionales recibieron capacitaci\u00f3n y posterior certificaci\u00f3n de \u201cVolibol, Un Trabajo en Equipo\u201d, evento realizado en&hellip; <\/p>\n","protected":false},"author":2,"featured_media":4395,"comment_status":"open","ping_status":"closed","sticky":false,"template":"","format":"standard","meta":{"footnotes":""},"categories":[8],"tags":[],"class_list":["post-4394","post","type-post","status-publish","format-standard","has-post-thumbnail","hentry","category-deportes"],"_links":{"self":[{"href":"https:\/\/www.radioamigavallenar.cl\/index.php?rest_route=\/wp\/v2\/posts\/4394","targetHints":{"allow":["GET"]}}],"collection":[{"href":"https:\/\/www.radioamigavallenar.cl\/index.php?rest_route=\/wp\/v2\/posts"}],"about":[{"href":"https:\/\/www.radioamigavallenar.cl\/index.php?rest_route=\/wp\/v2\/types\/post"}],"author":[{"embeddable":true,"href":"https:\/\/www.radioamigavallenar.cl\/index.php?rest_route=\/wp\/v2\/users\/2"}],"replies":[{"embeddable":true,"href":"https:\/\/www.radioamigavallenar.cl\/index.php?rest_route=%2Fwp%2Fv2%2Fcomments&post=4394"}],"version-history":[{"count":0,"href":"https:\/\/www.radioamigavallenar.cl\/index.php?rest_route=\/wp\/v2\/posts\/4394\/revisions"}],"wp:featuredmedia":[{"embeddable":true,"href":"https:\/\/www.radioamigavallenar.cl\/index.php?rest_route=\/wp\/v2\/media\/4395"}],"wp:attachment":[{"href":"https:\/\/www.radioamigavallenar.cl\/index.php?rest_route=%2Fwp%2Fv2%2Fmedia&parent=4394"}],"wp:term":[{"taxonomy":"category","embeddable":true,"href":"https:\/\/www.radioamigavallenar.cl\/index.php?rest_route=%2Fwp%2Fv2%2Fcategories&post=4394"},{"taxonomy":"post_tag","embeddable":true,"href":"https:\/\/www.radioamigavallenar.cl\/index.php?rest_route=%2Fwp%2Fv2%2Ftags&post=4394"}],"curies":[{"name":"wp","href":"https:\/\/api.w.org\/{rel}","templated":true}]}}