{"id":4391,"date":"2017-03-29T08:57:39","date_gmt":"2017-03-29T11:57:39","guid":{"rendered":"http:\/\/www.radioamigavallenar.cl\/?p=4391"},"modified":"2017-03-29T08:57:39","modified_gmt":"2017-03-29T11:57:39","slug":"meseta-azul-inauguro-multicancha-y-conto-con-la-visita-del-ministro-de-deportes","status":"publish","type":"post","link":"https:\/\/www.radioamigavallenar.cl\/?p=4391","title":{"rendered":"Meseta Azul inaugur\u00f3 multicancha y cont\u00f3 con la visita del Ministro de Deportes"},"content":{"rendered":"<p style=\"text-align: justify;\"><a href=\"http:\/\/www.radioamigavallenar.cl\/wp-content\/uploads\/2017\/03\/Vista-Ministro-Deportes.jpg\"><img loading=\"lazy\" decoding=\"async\" class=\" size-medium wp-image-4392 aligncenter\" src=\"http:\/\/www.radioamigavallenar.cl\/wp-content\/uploads\/2017\/03\/Vista-Ministro-Deportes-300x199.jpg\" alt=\"Vista Ministro Deportes\" width=\"300\" height=\"199\" srcset=\"https:\/\/www.radioamigavallenar.cl\/wp-content\/uploads\/2017\/03\/Vista-Ministro-Deportes-300x199.jpg 300w, https:\/\/www.radioamigavallenar.cl\/wp-content\/uploads\/2017\/03\/Vista-Ministro-Deportes.jpg 700w\" sizes=\"auto, (max-width: 300px) 100vw, 300px\" \/><\/a><\/p>\n<p style=\"text-align: justify;\">A la regi\u00f3n de Atacama lleg\u00f3 Pablo Squella la m\u00e1xima autoridad del deporte nacional donde encabez\u00f3 la ceremonia de inauguraci\u00f3n de la remodelaci\u00f3n de \u201cMeseta Azul\u201d de poblaci\u00f3n Rafael Torreblanca en Vallenar, invitado por su alcalde Cristian Tapia. El evento se realiz\u00f3 gracias a la adjudicaci\u00f3n de 60 millones de pesos del \u201cProyecto de Mejoramiento Urbano\u201d (PMU) financiado por la Subsecretar\u00eda de Desarrollo Regional y Administrativo (Subdere).<\/p>\n<p style=\"text-align: justify;\">En la actividad el Ministro realiz\u00f3 el tradicional corte de cinta y fue el primero en meter un gol en la multicancha jugando con el equipo \u201cMesetaAzul\u201d, <em>\u201cMe han invitado a esta hermosa ceremonia para inaugurar esta fant\u00e1stica cancha, lo bonito es siempre poder tener la posibilidad de volver a los lugares donde uno ha tenido buenas experiencias, yo la tuve aqu\u00ed en Vallenar hace muchos a\u00f1os porque vine a correr el a\u00f1o 1983, me qued\u00e9 muy impresionado de la ciudad en ese tiempo y bueno ahora como ministro estoy muy contento de poder estar ac\u00e1 junto a la gente del pueblo para celebrar la vida con actividad f\u00edsica.\u201d<\/em><\/p>\n<p style=\"text-align: justify;\">En la jornada el Director Regional, Osvaldo Carvajal del deporte se\u00f1al\u00f3 que esta era una gran iniciativa y enfatiz\u00f3 en los beneficios que trae consigo realizar deportes, como el mejoramiento educacional, de salud y la calidad de vida, <em>\u201cSi queremos hacer un desarrollo integral dentro la ciudad lo mejor es trabajar en el deporte y en eso el alcalde va por un buen camino, ha caracterizado en su gesti\u00f3n la utilizaci\u00f3n del deporte como una manera de contribuir al mejoramiento de la calidad de vida de sus habitantes; si tenemos una poblaci\u00f3n activa tendremos una poblaci\u00f3n con menos posibilidades de enfermarse, permite que los ni\u00f1os mejores su rendimiento escolar que desarrollen competencias conductuales que despu\u00e9s le permiten ir mejor en la vida. Nosotros como Ministerio vamos a estar dispuestos a colocar programas deportivos para darle mayores posibilidades de utilizar esta infraestructura de calidad.\u201d\u00a0\u00a0<\/em><\/p>\n<p style=\"text-align: justify;\">La infraestructura del reciento data de principios de los a\u00f1os 80\u00b4 siendo una instituci\u00f3n de car\u00e1cter deportivo, social y cultural convertida en la principal organizaci\u00f3n funcional activa del sector la que agrupa una gran cantidad de personas ligada al club, quienes personalmente fueron los encargados de dise\u00f1ar la remodelaci\u00f3n que contempl\u00f3 el mejoramiento de la loza de la multicancha, grader\u00edas, un quincho en el acceso principal, mejoramiento de cierre perimetral y la instalaci\u00f3n de aparatos para la pr\u00e1ctica de disciplinas deportivas como el basquetbol y f\u00fatbol.<\/p>\n<p style=\"text-align: justify;\">Este Club, que inici\u00f3 sus funciones en una junta de vecinos el \u00a011 de febrero de 1929, hoy gan\u00f3 el proyecto seleccionado por el propio alcalde de la comuna, Cristian Tapia, quien manifest\u00f3 su orgullo por contar con la presencia del Ministro del Deporte en el evento, <em>\u201cGracias Ministro por asistir, no todas las comunas, ni poblaciones, tienen el placer de poder tener un Ministro en su sector; ya vamos a tener tiempo de conversar para se\u00f1alarle cuales son los anhelos y sue\u00f1os que tiene nuestra comuna en materia deportiva, porque el recurso humano y la gente de verdad, lo tenemos.\u201d<\/em><\/p>\n<p style=\"text-align: justify;\">Adem\u00e1s el alcalde manifest\u00f3 su alegr\u00eda por la remodelaci\u00f3n y su gratitud por todo el apoyo obtenido, <em>\u201cLo cierto es que cada vez que uno inaugura dependencias ah\u00ed uno dice, vale la pena estar en estos cargos, poder trabajar para la comunidad porque son demandas leg\u00edtimas que ustedes nos hacen saber y es por eso que por un largo tiempo hemos trabajado con el apoyo de diferentes personas, de nuestros funcionarios, concejales y l\u00f3gicamente del Gobierno que cada vez que vamos a golpear las puertas a Santiago non atienden de la mejor manera; \u00a0as\u00ed hemos hecho realidad los sue\u00f1os de tantas personas, yo s\u00e9 que lo van a cuidar porque en la poblaci\u00f3n hay gente de trabajo, de esfuerzo que se ilusiona con tener y poder en el futuro tener grandes logros deportivos y tengan por seguro que no vamos a descansar hasta hacer realidad otros sue\u00f1os que ustedes tienen.\u201d<\/em><\/p>\n<p style=\"text-align: justify;\">El festej\u00f3 cont\u00f3 con hermosa voz de la cantante B\u00e1rbara Trigal y un brindis de honor para todos los presentes, entre ellos los concejales Luis Bogdanic, Norma Torrej\u00f3n, Robinson Morales y V\u00edctor Isla; Presidenta de la Uni\u00f3n Comunal de junta de vecinos Rosa Plaza, junto funcionarios municipales, deportistas y la comunidad, estos \u00faltimos expresaron en la ceremonia su alegr\u00eda por poder contar con este espacio de esparcimiento en la voz del presidente del Club, Melki Saavedra, <em>\u201cEstamos muy felices, de los 20 a\u00f1os que estamos en este reciento es primera vez que tenemos un ministro aqu\u00ed y sabemos el apoyo que hemos tenido en estos a\u00f1os por parte del municipio y del gobierno, es por eso que hoy en el nombre de nuestra instituci\u00f3n queremos agradecer al se\u00f1or alcalde y al gobierno de Chile, el cual dar\u00e1 un gran impacto aumentando la cantidad de actividades deportivas y culturales transform\u00e1ndolo en un espacio c\u00f3modo y confortable.\u201d<\/em><\/p>\n<p style=\"text-align: justify;\">Esta inauguraci\u00f3n forma parte de una serie de mejoras deportivas como la creaci\u00f3n de una cancha de baby f\u00fatbol en el sector Las Terrazas; canchas de\u00a0 tenis, basquetbol y voleibol de arena en la costanera del paseo Ribere\u00f1o; una ciclov\u00eda de 3,4 kil\u00f3metros y la futura adjudicaci\u00f3n de una multicancha en la poblaci\u00f3n Hermanos Carrera, tambi\u00e9n gracias a un proyecto PMU de $60 millones de pesos.<\/p>\n","protected":false},"excerpt":{"rendered":"<p>A la regi\u00f3n de Atacama lleg\u00f3 Pablo Squella la m\u00e1xima autoridad del deporte nacional donde encabez\u00f3 la ceremonia de inauguraci\u00f3n de la remodelaci\u00f3n de \u201cMeseta&hellip; <\/p>\n","protected":false},"author":2,"featured_media":4392,"comment_status":"open","ping_status":"closed","sticky":false,"template":"","format":"standard","meta":{"footnotes":""},"categories":[8],"tags":[],"class_list":["post-4391","post","type-post","status-publish","format-standard","has-post-thumbnail","hentry","category-deportes"],"_links":{"self":[{"href":"https:\/\/www.radioamigavallenar.cl\/index.php?rest_route=\/wp\/v2\/posts\/4391","targetHints":{"allow":["GET"]}}],"collection":[{"href":"https:\/\/www.radioamigavallenar.cl\/index.php?rest_route=\/wp\/v2\/posts"}],"about":[{"href":"https:\/\/www.radioamigavallenar.cl\/index.php?rest_route=\/wp\/v2\/types\/post"}],"author":[{"embeddable":true,"href":"https:\/\/www.radioamigavallenar.cl\/index.php?rest_route=\/wp\/v2\/users\/2"}],"replies":[{"embeddable":true,"href":"https:\/\/www.radioamigavallenar.cl\/index.php?rest_route=%2Fwp%2Fv2%2Fcomments&post=4391"}],"version-history":[{"count":0,"href":"https:\/\/www.radioamigavallenar.cl\/index.php?rest_route=\/wp\/v2\/posts\/4391\/revisions"}],"wp:featuredmedia":[{"embeddable":true,"href":"https:\/\/www.radioamigavallenar.cl\/index.php?rest_route=\/wp\/v2\/media\/4392"}],"wp:attachment":[{"href":"https:\/\/www.radioamigavallenar.cl\/index.php?rest_route=%2Fwp%2Fv2%2Fmedia&parent=4391"}],"wp:term":[{"taxonomy":"category","embeddable":true,"href":"https:\/\/www.radioamigavallenar.cl\/index.php?rest_route=%2Fwp%2Fv2%2Fcategories&post=4391"},{"taxonomy":"post_tag","embeddable":true,"href":"https:\/\/www.radioamigavallenar.cl\/index.php?rest_route=%2Fwp%2Fv2%2Ftags&post=4391"}],"curies":[{"name":"wp","href":"https:\/\/api.w.org\/{rel}","templated":true}]}}