{"id":4387,"date":"2017-03-29T08:52:01","date_gmt":"2017-03-29T11:52:01","guid":{"rendered":"http:\/\/www.radioamigavallenar.cl\/?p=4387"},"modified":"2017-03-29T08:52:01","modified_gmt":"2017-03-29T11:52:01","slug":"equipo-de-ciclismo-depetris-abs-gana-competencia-internacional-aniversario-de-calama","status":"publish","type":"post","link":"https:\/\/www.radioamigavallenar.cl\/?p=4387","title":{"rendered":"Equipo de ciclismo Depetris-ABS gana competencia internacional aniversario de Calama"},"content":{"rendered":"<p style=\"text-align: justify;\"><a href=\"http:\/\/www.radioamigavallenar.cl\/wp-content\/uploads\/2017\/03\/Ciclismo-Atacama.jpg\"><img loading=\"lazy\" decoding=\"async\" class=\" size-medium wp-image-4388 aligncenter\" src=\"http:\/\/www.radioamigavallenar.cl\/wp-content\/uploads\/2017\/03\/Ciclismo-Atacama-300x225.jpg\" alt=\"Ciclismo Atacama\" width=\"300\" height=\"225\" srcset=\"https:\/\/www.radioamigavallenar.cl\/wp-content\/uploads\/2017\/03\/Ciclismo-Atacama-300x225.jpg 300w, https:\/\/www.radioamigavallenar.cl\/wp-content\/uploads\/2017\/03\/Ciclismo-Atacama.jpg 700w\" sizes=\"auto, (max-width: 300px) 100vw, 300px\" \/><\/a><\/p>\n<p style=\"text-align: justify;\">Gran trabajo en equipo coron\u00f3 al Team de ciclismo Depetris en lo alto de la categor\u00eda <em>Todo Competidor<\/em> de la vuelta cicl\u00edstica internacional \u201c138\u00ba Aniversario de Calama\u201d. El certamen cont\u00f3 con la participaci\u00f3n de representantes de Arica, Iquique, Tocopilla, Antofagasta, Copiap\u00f3, Vallenar, Santiago, Arequipa de Peru, y Cochabamba de Bolivia.<\/p>\n<p style=\"text-align: justify;\">Entre los d\u00edas 24, 25 y 26 de marzo, los corredores cubrieron una distancia de m\u00e1s de 300 kil\u00f3metros en cuatro etapas, que comenz\u00f3 con la prueba \u201cRio Loa\u201d, para continuar con el circuito \u201cAlto el Loa\u201d, que uni\u00f3 Calama con Lasana y otro de caracter\u00edstica comunitario en la avenida Granaderos de la ciudad nortina, concluyendo con un fondo el d\u00eda domingo.<\/p>\n<p style=\"text-align: justify;\">Para la ocasi\u00f3n, el Team Depetris-ABS reclut\u00f3 a importantes exponentes del ciclismo de ruta de la Regi\u00f3n de Atacama bajo la log\u00edstica y direcci\u00f3n del destacado corredor nacional Gonzalo Miranda. Tras tres d\u00edas de ardua competencia y un despliegue de trabajo en conjunto y compa\u00f1erismo, se logr\u00f3 coronar en el primer lugar de la categor\u00eda reina del ciclismo, Todo Competidor, a Guillermo Beltr\u00e1n de Paipote, seguido por Crist\u00f3bal Silva de Santiago y Diego Guti\u00e9rrez de Copiap\u00f3. Mientras que para la \u00faltima etapa y cierre del evento, el competidor copiapino Claudio Trigo logr\u00f3 obtener el primer lugar de la categor\u00eda Master B.<\/p>\n<p style=\"text-align: justify;\">Cabe destacar que la gran mayor\u00eda del equipo estaba compuesto por j\u00f3venes entre 16 y 18 a\u00f1os que ya se vislumbran como las futuras promesas del ciclismo regional. En este sentido tambi\u00e9n destac\u00f3 el corredor de Vallenar, Bastian D\u00edaz, quien gan\u00f3 todas las etapas de la categor\u00eda Intermedia.<\/p>\n<p style=\"text-align: justify;\">Una vez m\u00e1s, solamente con el esfuerzo de la asociaci\u00f3n local de ciclismo atacama, su entrenador Manuel Miranda y \u00a0el apoyo de copiapinos como Transportes Depetris y la tienda de bicicletas ABS, hacen posible que la juventud deportista deje en alto a la ciudad de Copiap\u00f3.<\/p>\n","protected":false},"excerpt":{"rendered":"<p>Gran trabajo en equipo coron\u00f3 al Team de ciclismo Depetris en lo alto de la categor\u00eda Todo Competidor de la vuelta cicl\u00edstica internacional \u201c138\u00ba Aniversario&hellip; <\/p>\n","protected":false},"author":2,"featured_media":4388,"comment_status":"open","ping_status":"closed","sticky":false,"template":"","format":"standard","meta":{"footnotes":""},"categories":[8],"tags":[],"class_list":["post-4387","post","type-post","status-publish","format-standard","has-post-thumbnail","hentry","category-deportes"],"_links":{"self":[{"href":"https:\/\/www.radioamigavallenar.cl\/index.php?rest_route=\/wp\/v2\/posts\/4387","targetHints":{"allow":["GET"]}}],"collection":[{"href":"https:\/\/www.radioamigavallenar.cl\/index.php?rest_route=\/wp\/v2\/posts"}],"about":[{"href":"https:\/\/www.radioamigavallenar.cl\/index.php?rest_route=\/wp\/v2\/types\/post"}],"author":[{"embeddable":true,"href":"https:\/\/www.radioamigavallenar.cl\/index.php?rest_route=\/wp\/v2\/users\/2"}],"replies":[{"embeddable":true,"href":"https:\/\/www.radioamigavallenar.cl\/index.php?rest_route=%2Fwp%2Fv2%2Fcomments&post=4387"}],"version-history":[{"count":0,"href":"https:\/\/www.radioamigavallenar.cl\/index.php?rest_route=\/wp\/v2\/posts\/4387\/revisions"}],"wp:featuredmedia":[{"embeddable":true,"href":"https:\/\/www.radioamigavallenar.cl\/index.php?rest_route=\/wp\/v2\/media\/4388"}],"wp:attachment":[{"href":"https:\/\/www.radioamigavallenar.cl\/index.php?rest_route=%2Fwp%2Fv2%2Fmedia&parent=4387"}],"wp:term":[{"taxonomy":"category","embeddable":true,"href":"https:\/\/www.radioamigavallenar.cl\/index.php?rest_route=%2Fwp%2Fv2%2Fcategories&post=4387"},{"taxonomy":"post_tag","embeddable":true,"href":"https:\/\/www.radioamigavallenar.cl\/index.php?rest_route=%2Fwp%2Fv2%2Ftags&post=4387"}],"curies":[{"name":"wp","href":"https:\/\/api.w.org\/{rel}","templated":true}]}}