{"id":4382,"date":"2017-03-28T12:32:10","date_gmt":"2017-03-28T15:32:10","guid":{"rendered":"http:\/\/www.radioamigavallenar.cl\/?p=4382"},"modified":"2017-03-28T12:32:10","modified_gmt":"2017-03-28T15:32:10","slug":"fiscalia-pedira-cadena-perpetua-en-caso-de-mujer-apunalada-en-paipote","status":"publish","type":"post","link":"https:\/\/www.radioamigavallenar.cl\/?p=4382","title":{"rendered":"Fiscal\u00eda pedir\u00e1 cadena perpetua en caso de mujer apu\u00f1alada en Paipote"},"content":{"rendered":"<p style=\"text-align: justify;\"><a href=\"http:\/\/www.radioamigavallenar.cl\/wp-content\/uploads\/2017\/03\/Fiscal.jpg\"><img loading=\"lazy\" decoding=\"async\" class=\" size-medium wp-image-4383 aligncenter\" src=\"http:\/\/www.radioamigavallenar.cl\/wp-content\/uploads\/2017\/03\/Fiscal-300x200.jpg\" alt=\"Fiscal\" width=\"300\" height=\"200\" srcset=\"https:\/\/www.radioamigavallenar.cl\/wp-content\/uploads\/2017\/03\/Fiscal-300x200.jpg 300w, https:\/\/www.radioamigavallenar.cl\/wp-content\/uploads\/2017\/03\/Fiscal.jpg 700w\" sizes=\"auto, (max-width: 300px) 100vw, 300px\" \/><\/a><\/p>\n<p style=\"text-align: justify;\">Este martes comenzar\u00e1 en Copiap\u00f3 el Juicio Oral en que la Fiscal\u00eda de Atacama comenzar\u00e1 a rendir su prueba con la cual busca acreditar el delito de femicidio en contra de Joselin Riquelme Gonz\u00e1lez. Hecho que se remonta al mes de septiembre del a\u00f1o 2015 en el sector de Paipote de la capital regional y por el cual pedir\u00e1 se aplique cadena perpetua simple.<\/p>\n<p style=\"text-align: justify;\">El caso, cuya investigaci\u00f3n fue dirigida por el fiscal Christian Gonz\u00e1lez Carriel, indica que el d\u00eda en que ocurri\u00f3 el crimen el acusado por este delito se encontraba junto a la v\u00edctima en la vivienda que ambos ocupaban en el mencionado sector de la comuna. Ocasi\u00f3n en que se origin\u00f3 una discusi\u00f3n que deriv\u00f3 en que el imputado atacara a la afectada con un objeto contundente causando lesiones en la mujer que motivaron su estado de indefensi\u00f3n. Esto fue aprovechado por el agresor quien tom\u00f3 un cuchillo con el cual la agredi\u00f3 en distintas partes del cuerpo, comprob\u00e1ndose luego de los peritajes ordenados en el Servicio M\u00e9dico Legal que la mujer recibi\u00f3 en total 86 pu\u00f1aladas originando que la v\u00edctima perdiera la vida en el mismo lugar.<\/p>\n<p style=\"text-align: justify;\">\u201cTenemos que iniciar otro juicio por este tipo de hechos, un brutal femicidio de una mujer donde su conviviente, con quien manten\u00eda hijos en com\u00fan, la asesin\u00f3 de 86 pu\u00f1aladas y en este caso buscaremos que se aplique una pena ejemplificadoras\u201d, dijo el fiscal Gonz\u00e1lez.<\/p>\n<p style=\"text-align: justify;\">Para acreditar dicha acusaci\u00f3n el fiscal de la causa presentar\u00e1 distintos testimonios de testigos y peritos especializados que trabajaron en este caso, adem\u00e1s de otros testimonios que dar\u00e1n cuenta que ya exist\u00edan antecedentes de agresiones de parte del detenido en contra de la v\u00edctima. Existiendo incluso causas y condenas por delitos en contexto de violencia intrafamiliar.<\/p>\n<p style=\"text-align: justify;\">Respecto del juicio oral por este nuevo caso de femicidio ocurrido en la regi\u00f3n de Atacama, se indic\u00f3 que est\u00e1 proyectado extenderse por tres d\u00edas.<\/p>\n","protected":false},"excerpt":{"rendered":"<p>Este martes comenzar\u00e1 en Copiap\u00f3 el Juicio Oral en que la Fiscal\u00eda de Atacama comenzar\u00e1 a rendir su prueba con la cual busca acreditar el&hellip; <\/p>\n","protected":false},"author":2,"featured_media":4383,"comment_status":"open","ping_status":"closed","sticky":false,"template":"","format":"standard","meta":{"footnotes":""},"categories":[6],"tags":[],"class_list":["post-4382","post","type-post","status-publish","format-standard","has-post-thumbnail","hentry","category-policial"],"_links":{"self":[{"href":"https:\/\/www.radioamigavallenar.cl\/index.php?rest_route=\/wp\/v2\/posts\/4382","targetHints":{"allow":["GET"]}}],"collection":[{"href":"https:\/\/www.radioamigavallenar.cl\/index.php?rest_route=\/wp\/v2\/posts"}],"about":[{"href":"https:\/\/www.radioamigavallenar.cl\/index.php?rest_route=\/wp\/v2\/types\/post"}],"author":[{"embeddable":true,"href":"https:\/\/www.radioamigavallenar.cl\/index.php?rest_route=\/wp\/v2\/users\/2"}],"replies":[{"embeddable":true,"href":"https:\/\/www.radioamigavallenar.cl\/index.php?rest_route=%2Fwp%2Fv2%2Fcomments&post=4382"}],"version-history":[{"count":0,"href":"https:\/\/www.radioamigavallenar.cl\/index.php?rest_route=\/wp\/v2\/posts\/4382\/revisions"}],"wp:featuredmedia":[{"embeddable":true,"href":"https:\/\/www.radioamigavallenar.cl\/index.php?rest_route=\/wp\/v2\/media\/4383"}],"wp:attachment":[{"href":"https:\/\/www.radioamigavallenar.cl\/index.php?rest_route=%2Fwp%2Fv2%2Fmedia&parent=4382"}],"wp:term":[{"taxonomy":"category","embeddable":true,"href":"https:\/\/www.radioamigavallenar.cl\/index.php?rest_route=%2Fwp%2Fv2%2Fcategories&post=4382"},{"taxonomy":"post_tag","embeddable":true,"href":"https:\/\/www.radioamigavallenar.cl\/index.php?rest_route=%2Fwp%2Fv2%2Ftags&post=4382"}],"curies":[{"name":"wp","href":"https:\/\/api.w.org\/{rel}","templated":true}]}}