{"id":42502,"date":"2021-07-24T09:57:30","date_gmt":"2021-07-24T13:57:30","guid":{"rendered":"https:\/\/www.radioamigavallenar.cl\/?p=42502"},"modified":"2021-07-24T09:57:30","modified_gmt":"2021-07-24T13:57:30","slug":"jaime-bellolio-creia-que-lavin-podia-ser-el-mejor-para-vencer-a-jadue-pero-sichel-es-el-mejor-para-vencer-a-boric-y-provoste","status":"publish","type":"post","link":"https:\/\/www.radioamigavallenar.cl\/?p=42502","title":{"rendered":"Jaime Bellolio: \u00abCre\u00eda que Lav\u00edn pod\u00eda ser el mejor para vencer a Jadue, pero Sichel es el mejor para vencer a Boric y Provoste\u00bb"},"content":{"rendered":"<p>El ministro vocero de Gobierno destaca al candidato ganador de las primarias de Chile Vamos y critica la \u00abl\u00f3gica de agresividad\u00bb de la presidenta del Senado.<\/p>\n<p>El vocero de Gobierno, Jaime Bellolio, se\u00f1al\u00f3 que \u00e9l \u00abcre\u00eda que Lav\u00edn pod\u00eda ser el mejor para vencer a Jadue en una segunda vuelta, pero Sebasti\u00e1n Sichel es el mejor candidato para vencer a Gabriel Boric y Yasna Provoste\u00bb.<\/p>\n<p>Sobre el ganador en la primaria de Chile Vamos sostiene que \u00abnos sentimos contentos con su triunfo, es una persona que desde la independencia y desde su mirada en el centro, ha sabido convocar a las personas de centroderecha\u00bb. Asimismo, se refiere a la candidatura de Yasna Provoste.\u00bb Depende mucho de cu\u00e1l Yasna Provoste, porque yo conoc\u00ed a la senadora siendo diputada, una persona dialogante, que aceptaba distintas visiones y expon\u00eda sus puntos de vista.<\/p>\n<p>Pero tambi\u00e9n conocimos a la Yasna Provoste que, en vez de hacer una cuenta p\u00fablica del Senado, hace una descalificaci\u00f3n hacia el Gobierno, con datos equivocados. Decir que se ha vacunado un mill\u00f3n menos de personas, es una manera de despreciar el trabajo de vacunaci\u00f3n. Esa l\u00f3gica de agresividad de Provoste es un mal camino. Pero ser\u00e1 la izquierda tradicional la que ver\u00e1 el mecanismo para escoger qui\u00e9nes son sus candidatos\u00bb.<\/p>\n","protected":false},"excerpt":{"rendered":"<p>El ministro vocero de Gobierno destaca al candidato ganador de las primarias de Chile Vamos y critica la \u00abl\u00f3gica de agresividad\u00bb de la presidenta del&hellip; <\/p>\n","protected":false},"author":2,"featured_media":37533,"comment_status":"open","ping_status":"closed","sticky":false,"template":"","format":"standard","meta":{"footnotes":""},"categories":[37],"tags":[],"class_list":["post-42502","post","type-post","status-publish","format-standard","has-post-thumbnail","hentry","category-nacional"],"_links":{"self":[{"href":"https:\/\/www.radioamigavallenar.cl\/index.php?rest_route=\/wp\/v2\/posts\/42502","targetHints":{"allow":["GET"]}}],"collection":[{"href":"https:\/\/www.radioamigavallenar.cl\/index.php?rest_route=\/wp\/v2\/posts"}],"about":[{"href":"https:\/\/www.radioamigavallenar.cl\/index.php?rest_route=\/wp\/v2\/types\/post"}],"author":[{"embeddable":true,"href":"https:\/\/www.radioamigavallenar.cl\/index.php?rest_route=\/wp\/v2\/users\/2"}],"replies":[{"embeddable":true,"href":"https:\/\/www.radioamigavallenar.cl\/index.php?rest_route=%2Fwp%2Fv2%2Fcomments&post=42502"}],"version-history":[{"count":1,"href":"https:\/\/www.radioamigavallenar.cl\/index.php?rest_route=\/wp\/v2\/posts\/42502\/revisions"}],"predecessor-version":[{"id":42503,"href":"https:\/\/www.radioamigavallenar.cl\/index.php?rest_route=\/wp\/v2\/posts\/42502\/revisions\/42503"}],"wp:featuredmedia":[{"embeddable":true,"href":"https:\/\/www.radioamigavallenar.cl\/index.php?rest_route=\/wp\/v2\/media\/37533"}],"wp:attachment":[{"href":"https:\/\/www.radioamigavallenar.cl\/index.php?rest_route=%2Fwp%2Fv2%2Fmedia&parent=42502"}],"wp:term":[{"taxonomy":"category","embeddable":true,"href":"https:\/\/www.radioamigavallenar.cl\/index.php?rest_route=%2Fwp%2Fv2%2Fcategories&post=42502"},{"taxonomy":"post_tag","embeddable":true,"href":"https:\/\/www.radioamigavallenar.cl\/index.php?rest_route=%2Fwp%2Fv2%2Ftags&post=42502"}],"curies":[{"name":"wp","href":"https:\/\/api.w.org\/{rel}","templated":true}]}}