{"id":42500,"date":"2021-07-24T09:48:04","date_gmt":"2021-07-24T13:48:04","guid":{"rendered":"https:\/\/www.radioamigavallenar.cl\/?p=42500"},"modified":"2021-07-24T09:48:04","modified_gmt":"2021-07-24T13:48:04","slug":"economista-pidio-mantener-el-ife-para-evitar-un-nuevo-retiro-del-10-que-no-se-justifica","status":"publish","type":"post","link":"https:\/\/www.radioamigavallenar.cl\/?p=42500","title":{"rendered":"Economista pidi\u00f3 mantener el IFE para evitar un nuevo retiro del 10% que \u00abno se justifica\u00bb"},"content":{"rendered":"<p>Jos\u00e9 Luis Ruiz asegur\u00f3 que seguir con la ayuda del Estado \u00abser\u00eda lo ideal para seguir conteniendo lo que significa el coronavirus\u00bb.<\/p>\n<p>Adem\u00e1s, afirm\u00f3 que la econ\u00f3mica nacional \u00abest\u00e1 mostrando s\u00edntomas de crecimiento y mejora en el empleo\u00bb.<\/p>\n<p>El economista\u00a0<strong>Jos\u00e9 Luis Ruiz<\/strong>\u00a0asegur\u00f3 este s\u00e1bado a\u00a0<strong>Cooperativa<\/strong>\u00a0que la situaci\u00f3n econ\u00f3mica actual en el pa\u00eds<strong>\u00a0\u00abno justifica\u00bb un\u00a0cuarto retiro del 10 por ciento de los fondos previsionales<\/strong>, por lo que destac\u00f3 la importancia de\u00a0<strong>mantener por m\u00e1s tiempo el Ingreso Familiar de Emergencia (IFE) Universal<\/strong>, que tiene vigencia hasta septiembre.<\/p>\n<p>\u00abEn el contexto actual, la econom\u00eda est\u00e1 mostrando s\u00edntomas de crecimiento y mejora en el empleo. Por lo tanto, a nivel macro<strong>\u00a0no se justifica tan fuerte como cuando se inici\u00f3 esta pol\u00edtica de los retiros<\/strong>\u00ab, asegur\u00f3 el experto en di\u00e1logo con el\u00a0<strong>Diario de Cooperativa<\/strong>, quien tambi\u00e9n afirm\u00f3 que la opci\u00f3n de retiros de las AFP \u00abes una mala pol\u00edtica p\u00fablica\u00bb.<\/p>\n<p>Ante esto, Ruiz se\u00f1al\u00f3 que espera que el Gobierno mantenga por m\u00e1s tiempo el IFE Universal, dado que el pa\u00eds necesita \u00abpercibir estabilidad\u00bb y\u00a0<strong>existe un margen para aumentar la deuda en materia<\/strong>\u00a0de ayudas para la ciudadan\u00eda.<\/p>\n<p>\u00abSer\u00eda lo ideal (mantener IFE) para seguir conteniendo lo que significa el coronavirus, que ha mostrado cifras bastante positivas en reducci\u00f3n de contagio&#8230;. Por lo tanto, lo que\u00a0<strong>uno espera es que se est\u00e9n creando condiciones para que la situaci\u00f3n econ\u00f3mica pueda mejorar<\/strong>\u00a0y en ese sentido lo que importa es que las personas perciban estabilidad y el pa\u00eds todav\u00eda tiene espacio para un endeudamiento en esta materia\u00bb, detall\u00f3 el economista.<\/p>\n<p>Finalmente, asegur\u00f3 que el Gobierno debe ser capaz de -con el pasar de los meses- ir\u00a0<strong>focalizando de mejor manera las ayudas que entregue<\/strong>, para que las empresas y personas que las necesiten no se queden sin ellas durante esta pandemia.<\/p>\n","protected":false},"excerpt":{"rendered":"<p>Jos\u00e9 Luis Ruiz asegur\u00f3 que seguir con la ayuda del Estado \u00abser\u00eda lo ideal para seguir conteniendo lo que significa el coronavirus\u00bb. Adem\u00e1s, afirm\u00f3 que&hellip; <\/p>\n","protected":false},"author":2,"featured_media":39125,"comment_status":"open","ping_status":"closed","sticky":false,"template":"","format":"standard","meta":{"footnotes":""},"categories":[38],"tags":[],"class_list":["post-42500","post","type-post","status-publish","format-standard","has-post-thumbnail","hentry","category-portada-regional"],"_links":{"self":[{"href":"https:\/\/www.radioamigavallenar.cl\/index.php?rest_route=\/wp\/v2\/posts\/42500","targetHints":{"allow":["GET"]}}],"collection":[{"href":"https:\/\/www.radioamigavallenar.cl\/index.php?rest_route=\/wp\/v2\/posts"}],"about":[{"href":"https:\/\/www.radioamigavallenar.cl\/index.php?rest_route=\/wp\/v2\/types\/post"}],"author":[{"embeddable":true,"href":"https:\/\/www.radioamigavallenar.cl\/index.php?rest_route=\/wp\/v2\/users\/2"}],"replies":[{"embeddable":true,"href":"https:\/\/www.radioamigavallenar.cl\/index.php?rest_route=%2Fwp%2Fv2%2Fcomments&post=42500"}],"version-history":[{"count":1,"href":"https:\/\/www.radioamigavallenar.cl\/index.php?rest_route=\/wp\/v2\/posts\/42500\/revisions"}],"predecessor-version":[{"id":42501,"href":"https:\/\/www.radioamigavallenar.cl\/index.php?rest_route=\/wp\/v2\/posts\/42500\/revisions\/42501"}],"wp:featuredmedia":[{"embeddable":true,"href":"https:\/\/www.radioamigavallenar.cl\/index.php?rest_route=\/wp\/v2\/media\/39125"}],"wp:attachment":[{"href":"https:\/\/www.radioamigavallenar.cl\/index.php?rest_route=%2Fwp%2Fv2%2Fmedia&parent=42500"}],"wp:term":[{"taxonomy":"category","embeddable":true,"href":"https:\/\/www.radioamigavallenar.cl\/index.php?rest_route=%2Fwp%2Fv2%2Fcategories&post=42500"},{"taxonomy":"post_tag","embeddable":true,"href":"https:\/\/www.radioamigavallenar.cl\/index.php?rest_route=%2Fwp%2Fv2%2Ftags&post=42500"}],"curies":[{"name":"wp","href":"https:\/\/api.w.org\/{rel}","templated":true}]}}