{"id":42497,"date":"2021-07-24T09:43:19","date_gmt":"2021-07-24T13:43:19","guid":{"rendered":"https:\/\/www.radioamigavallenar.cl\/?p=42497"},"modified":"2021-07-24T09:43:19","modified_gmt":"2021-07-24T13:43:19","slug":"seremi-de-agricultura-patricio-araya-vargas-invita-a-participar-en-convocatoria-para-proyectos-de-innovacion-en-el-agro","status":"publish","type":"post","link":"https:\/\/www.radioamigavallenar.cl\/?p=42497","title":{"rendered":"Seremi de Agricultura Patricio Araya Vargas invita a participar en Convocatoria para Proyectos de Innovaci\u00f3n en el Agro"},"content":{"rendered":"<p>Hasta el 20 de agosto estar\u00e1n abiertas las postulaciones a la convocatoria nacional de la Fundaci\u00f3n para la Innovaci\u00f3n Agraria (FIA) del Ministerio de Agricultura, que tiene como objetivo apoyar el desarrollo de proyectos que aporten soluciones innovadoras a problemas u oportunidades en el sector silvoagropecuario y\/o la cadena agroalimentaria, as\u00ed lo inform\u00f3 Patricio Araya Vargas, secretario regional ministerial de Agricultura.<\/p>\n<p>La autoridad se\u00f1al\u00f3 adem\u00e1s que \u201clas iniciativas presentadas deben responder a alguno de los tres desaf\u00edos estrat\u00e9gicos de FIA: eficiencia h\u00eddrica y adaptaci\u00f3n al cambio clim\u00e1tico, desarrollo de mercados y procesos innovadores\u201d.<\/p>\n<p>Destacar que hay un monto cercano a los 4 mil millones de pesos para financiar proyectos con fines de comercializaci\u00f3n (inter\u00e9s privado) o para implementaci\u00f3n de libre acceso (inter\u00e9s p\u00fablico) que son los dos tipos de iniciativas de innovaci\u00f3n.<\/p>\n<p style=\"text-align: center;\"><strong>Proceso de postulaci\u00f3n\u00a0<\/strong><\/p>\n<p>En la primera etapa, los postulantes s\u00f3lo deben presentar un perfil de proyecto de innovaci\u00f3n, donde se evaluar\u00e1 el potencial de las soluci\u00f3n innovadora a problemas y\/u oportunidades del sector. Luego, los perfiles seleccionados en la etapa 1, podr\u00e1n formular y postular el proyecto de innovaci\u00f3n completo en la etapa 2, donde la adjudicaci\u00f3n estar\u00e1 orientada a las iniciativas con alta probabilidad de \u00e9xito en su desarrollo<\/p>\n<p>Pueden postular personas jur\u00eddicas constituidas legalmente en Chile, con o sin fines de lucro, que tengan un v\u00ednculo con el sector.<\/p>\n<p>En cuanto al financiamiento, el monto m\u00e1ximo de aporte FIA es de $150 millones dependiendo del avance del proyecto, financiando hasta el 70% u 80% del costo total de la iniciativa, en funci\u00f3n de si es un proyecto de inter\u00e9s privado (comercializaci\u00f3n) o de bien p\u00fablico (implementaci\u00f3n de libre acceso).<\/p>\n<p>Las bases se encuentran disponibles en el sitio web de FIA (www.fia.cl) y las postulaciones se deben presentar a trav\u00e9s de la plataforma de postulaci\u00f3n en l\u00ednea de la Fundaci\u00f3n (convocatoria.fia.cl) hasta el 20 de agosto a las 15 horas.<\/p>\n<p>Las consultas pueden realizarse hasta el 12 de agosto, por correo electr\u00f3nico a proyectos2021@fia.cl<\/p>\n<p>Ciclo de innovaci\u00f3n<\/p>\n<p>Para apoyar el proceso de postulaci\u00f3n, se realizar\u00e1 un ciclo de webinars informativos donde se explicar\u00e1 la convocatoria en detalle y se responder\u00e1n dudas de los asistentes. El calendario es el siguiente:<\/p>\n<p>Jueves 22 julio: \u00bfQu\u00e9 buscas desarrollar, un proyecto de inter\u00e9s p\u00fablico o privado?<\/p>\n<p>Jueves 29 julio: Conoce el proceso completo de la Convocatoria Nacional<\/p>\n<p>Jueves 05 agosto: Paso a paso para postular<\/p>\n<p>Para participar, la inscripci\u00f3n se puede realizar a trav\u00e9s del sitio de FIA, www.fia.cl.<\/p>\n","protected":false},"excerpt":{"rendered":"<p>Hasta el 20 de agosto estar\u00e1n abiertas las postulaciones a la convocatoria nacional de la Fundaci\u00f3n para la Innovaci\u00f3n Agraria (FIA) del Ministerio de Agricultura,&hellip; <\/p>\n","protected":false},"author":2,"featured_media":42498,"comment_status":"open","ping_status":"closed","sticky":false,"template":"","format":"standard","meta":{"footnotes":""},"categories":[7],"tags":[],"class_list":["post-42497","post","type-post","status-publish","format-standard","has-post-thumbnail","hentry","category-atacama"],"_links":{"self":[{"href":"https:\/\/www.radioamigavallenar.cl\/index.php?rest_route=\/wp\/v2\/posts\/42497","targetHints":{"allow":["GET"]}}],"collection":[{"href":"https:\/\/www.radioamigavallenar.cl\/index.php?rest_route=\/wp\/v2\/posts"}],"about":[{"href":"https:\/\/www.radioamigavallenar.cl\/index.php?rest_route=\/wp\/v2\/types\/post"}],"author":[{"embeddable":true,"href":"https:\/\/www.radioamigavallenar.cl\/index.php?rest_route=\/wp\/v2\/users\/2"}],"replies":[{"embeddable":true,"href":"https:\/\/www.radioamigavallenar.cl\/index.php?rest_route=%2Fwp%2Fv2%2Fcomments&post=42497"}],"version-history":[{"count":1,"href":"https:\/\/www.radioamigavallenar.cl\/index.php?rest_route=\/wp\/v2\/posts\/42497\/revisions"}],"predecessor-version":[{"id":42499,"href":"https:\/\/www.radioamigavallenar.cl\/index.php?rest_route=\/wp\/v2\/posts\/42497\/revisions\/42499"}],"wp:featuredmedia":[{"embeddable":true,"href":"https:\/\/www.radioamigavallenar.cl\/index.php?rest_route=\/wp\/v2\/media\/42498"}],"wp:attachment":[{"href":"https:\/\/www.radioamigavallenar.cl\/index.php?rest_route=%2Fwp%2Fv2%2Fmedia&parent=42497"}],"wp:term":[{"taxonomy":"category","embeddable":true,"href":"https:\/\/www.radioamigavallenar.cl\/index.php?rest_route=%2Fwp%2Fv2%2Fcategories&post=42497"},{"taxonomy":"post_tag","embeddable":true,"href":"https:\/\/www.radioamigavallenar.cl\/index.php?rest_route=%2Fwp%2Fv2%2Ftags&post=42497"}],"curies":[{"name":"wp","href":"https:\/\/api.w.org\/{rel}","templated":true}]}}