{"id":42122,"date":"2021-07-13T12:41:41","date_gmt":"2021-07-13T16:41:41","guid":{"rendered":"https:\/\/www.radioamigavallenar.cl\/?p=42122"},"modified":"2021-07-13T12:41:41","modified_gmt":"2021-07-13T16:41:41","slug":"fiscalia-formalizo-y-obtuvo-prision-preventiva-para-imputado-formalizado-por-robo-a-empresa-de-tabaco","status":"publish","type":"post","link":"https:\/\/www.radioamigavallenar.cl\/?p=42122","title":{"rendered":"Fiscal\u00eda formaliz\u00f3 y obtuvo prisi\u00f3n preventiva para imputado formalizado por robo a empresa de tabaco"},"content":{"rendered":"<p>Luego una efectiva investigaci\u00f3n de la Fiscal\u00eda Local de Copiap\u00f3 junto a personal de Secci\u00f3n de Investigaci\u00f3n Policial (SIP) de Carabineros, se logr\u00f3 la detenci\u00f3n de un imputado que tuvo participaci\u00f3n consumada en una empresa de distribuci\u00f3n de cigarrillos ocurrido el pasado 21 de junio en la capital de Atacama.<\/p>\n<p>De acuerdo a los antecedentes p\u00fablicos conocidos en la audiencia de formalizaci\u00f3n realizada este martes, argumentados por el fiscal Sebasti\u00e1n Coya Gonz\u00e1lez, ese d\u00eda un grupo de sujetos previamente concertados llegaron en distintos veh\u00edculos robados hasta una bodega de la empresa afectada que se ubica a la salida norte de la ciudad, ocasi\u00f3n en que ocupando los veh\u00edculos lograron derribar las rejas de seguridad del lugar y sustraer especies que fueron avaluadas en 40 millones de pesos. Luego de lo cual se dieron a la fuga y lanzaron \u201cmiguelitos\u201d en la carretera, ocasionando da\u00f1os en un veh\u00edculo policial.<\/p>\n<p>\u201cA partir de este hecho, junto a un excelente trabajo y diligencias realizadas por la SIP de Carabineros, se pudieron reunir antecedentes que permitieron determinar la identidad de uno de los participantes en este delito, el que de acuerdo a la evidencia estaba completamente organizado y planificado\u201d, dijo el fiscal.<\/p>\n<p>En la audiencia la Fiscal\u00eda argument\u00f3 adem\u00e1s antecedentes de otros delitos en los que tambi\u00e9n particip\u00f3 el detenido. Uno de ellos, un delito de robo a un cami\u00f3n de carga que se manten\u00eda estacionado en una zona de descanso, hasta donde lleg\u00f3 en un veh\u00edculo que posteriormente fue abandonado en el lugar y que result\u00f3 ser de propiedad de la madre del imputado. Auto en que personal de la SIP encontr\u00f3 evidencia que permiti\u00f3 ahondar en los antecedentes del primer delito cometido.<\/p>\n<p>De acuerdo a la investigaci\u00f3n el imputado particip\u00f3 tambi\u00e9n, junto a otras personas, de dos delitos de robo en bienes nacionales de uso p\u00fablico a veh\u00edculos estacionados en Bah\u00eda Inglesa y Caldera, il\u00edcitos en que a partir de c\u00e1maras de seguridad se ubic\u00f3 al detenido en ambos hechos donde nuevamente se utilizaron veh\u00edculos que ya eran investigados por el robo a la empresa de distribuci\u00f3n de cigarrillos.<\/p>\n<p>\u201cLa prueba reunida, tanto por la Fiscal\u00eda como por la SIP, es de tal contundencia que se logr\u00f3 establecer la participaci\u00f3n del detenido en los hechos, adem\u00e1s de contar con medios de prueba que dan cuenta de la compra de insumos con una tarjeta de d\u00e9bito del imputado encontrada en uno de los veh\u00edculos y que se relaciona con una boleta encontrada en un m\u00f3vil que particip\u00f3 en los distintos delitos investigados\u201d, argument\u00f3 el fiscal.<\/p>\n<p>Finalmente, la noche de este lunes mientras personal de la SIP concretaba la orden detenci\u00f3n solicitada por el fiscal al Juez de turno en el domicilio de \u00e9ste, se encontr\u00f3 en el lugar 146 dosis de marihuana y una pesa digital.<\/p>\n<p>Por estos hechos, el Ministerio P\u00fablico formaliz\u00f3 la investigaci\u00f3n por un delito consumado de robo en lugar no habitado, dos robos en bienes nacionales de uso p\u00fablico, un robo de veh\u00edculo motorizado frustrado y un delito de tr\u00e1fico de droga en peque\u00f1as cantidades. Motivo por el cual el fiscal Coya Gonz\u00e1lez solicit\u00f3 en contra del detenido la medida cautelar de prisi\u00f3n preventiva por considerarlo un peligro para la seguridad de la sociedad, petici\u00f3n que fue acogida por el Juez de turno quien decret\u00f3 el ingreso del detenido a la c\u00e1rcel local. En tanto en plazo de investigaci\u00f3n fue fijado en 5 meses.<\/p>\n","protected":false},"excerpt":{"rendered":"<p>Luego una efectiva investigaci\u00f3n de la Fiscal\u00eda Local de Copiap\u00f3 junto a personal de Secci\u00f3n de Investigaci\u00f3n Policial (SIP) de Carabineros, se logr\u00f3 la detenci\u00f3n&hellip; <\/p>\n","protected":false},"author":2,"featured_media":39218,"comment_status":"open","ping_status":"closed","sticky":false,"template":"","format":"standard","meta":{"footnotes":""},"categories":[7],"tags":[],"class_list":["post-42122","post","type-post","status-publish","format-standard","has-post-thumbnail","hentry","category-atacama"],"_links":{"self":[{"href":"https:\/\/www.radioamigavallenar.cl\/index.php?rest_route=\/wp\/v2\/posts\/42122","targetHints":{"allow":["GET"]}}],"collection":[{"href":"https:\/\/www.radioamigavallenar.cl\/index.php?rest_route=\/wp\/v2\/posts"}],"about":[{"href":"https:\/\/www.radioamigavallenar.cl\/index.php?rest_route=\/wp\/v2\/types\/post"}],"author":[{"embeddable":true,"href":"https:\/\/www.radioamigavallenar.cl\/index.php?rest_route=\/wp\/v2\/users\/2"}],"replies":[{"embeddable":true,"href":"https:\/\/www.radioamigavallenar.cl\/index.php?rest_route=%2Fwp%2Fv2%2Fcomments&post=42122"}],"version-history":[{"count":1,"href":"https:\/\/www.radioamigavallenar.cl\/index.php?rest_route=\/wp\/v2\/posts\/42122\/revisions"}],"predecessor-version":[{"id":42123,"href":"https:\/\/www.radioamigavallenar.cl\/index.php?rest_route=\/wp\/v2\/posts\/42122\/revisions\/42123"}],"wp:featuredmedia":[{"embeddable":true,"href":"https:\/\/www.radioamigavallenar.cl\/index.php?rest_route=\/wp\/v2\/media\/39218"}],"wp:attachment":[{"href":"https:\/\/www.radioamigavallenar.cl\/index.php?rest_route=%2Fwp%2Fv2%2Fmedia&parent=42122"}],"wp:term":[{"taxonomy":"category","embeddable":true,"href":"https:\/\/www.radioamigavallenar.cl\/index.php?rest_route=%2Fwp%2Fv2%2Fcategories&post=42122"},{"taxonomy":"post_tag","embeddable":true,"href":"https:\/\/www.radioamigavallenar.cl\/index.php?rest_route=%2Fwp%2Fv2%2Ftags&post=42122"}],"curies":[{"name":"wp","href":"https:\/\/api.w.org\/{rel}","templated":true}]}}