{"id":42120,"date":"2021-07-13T12:33:41","date_gmt":"2021-07-13T16:33:41","guid":{"rendered":"https:\/\/www.radioamigavallenar.cl\/?p=42120"},"modified":"2021-07-13T12:33:41","modified_gmt":"2021-07-13T16:33:41","slug":"slep-atacama-abre-5-nuevos-concursos-para-el-cargo-de-director-en-escuelas-y-liceos-publicos","status":"publish","type":"post","link":"https:\/\/www.radioamigavallenar.cl\/?p=42120","title":{"rendered":"SLEP Atacama abre 5 nuevos concursos para el cargo de director en escuelas y liceos p\u00fablicos"},"content":{"rendered":"<p>Hasta el lunes 23 de agosto estar\u00e1n abiertos los concursos p\u00fablicos para el cargo de Director(a) del Liceo Jos\u00e9 Antonio Carvajal, el Instituto Comercial, la Escuela Hern\u00e1n M\u00e1rquez Huerta, la Escuela El Cha\u00f1ar, y la Escuela Bruno Zavala Fredes, todos establecimientos de Copiap\u00f3.<\/p>\n<p>\u201cBuscamos a nuevos l\u00edderes comprometidos con la transformaci\u00f3n de la Educaci\u00f3n P\u00fablica, que motiven a las comunidades educativas a mejorar la calidad de la educaci\u00f3n, mediante un trabajo colaborativo que tenga el foco en la sala de clases\u201d, dijo el Director Ejecutivo (s), Luis Olmos de Aguilera.<\/p>\n<p>Estos cargos ser\u00e1n adjudicados mediante el sistema de Alta Direcci\u00f3n P\u00fablica, motivo por el que se debe postular a trav\u00e9s del sitio web Directores para Chile: <a href=\"https:\/\/www.directoresparachile.cl\/\">https:\/\/www.directoresparachile.cl\/<\/a> Entre los documentos solicitados para postular se encuentran el formulario en l\u00ednea de la ficha de postulaci\u00f3n; el formulario en l\u00ednea del curriculum vitae; la declaraci\u00f3n jurada de inhabilidades e incompatibilidades para ocupar el cargo; la copia del certificado de t\u00edtulo profesional legalizada y de los certificados que acrediten capacitaci\u00f3n, post\u00edtulos o posgrados; entre otros cuyo detalle es posible conocer en las bases del llamado a concurso.<\/p>\n<p>Los candidatos que sean elegidos l\u00edderes de las comunidades educativas firmar\u00e1n un convenio de desempe\u00f1o que abarca cuatro a\u00f1os de su trabajo, que considera objetivos e indicadores en gesti\u00f3n pedag\u00f3gica, gesti\u00f3n del liderazgo, convivencia escolar y gesti\u00f3n de recursos.<\/p>\n<p>Las aclaraciones y consultas durante el proceso de postulaci\u00f3n deber\u00e1n ser dirigidas al correo electr\u00f3nico concursodirectores@slepatacama.cl o al tel\u00e9fono 990220494.<\/p>\n<p>&nbsp;<\/p>\n","protected":false},"excerpt":{"rendered":"<p>Hasta el lunes 23 de agosto estar\u00e1n abiertos los concursos p\u00fablicos para el cargo de Director(a) del Liceo Jos\u00e9 Antonio Carvajal, el Instituto Comercial, la&hellip; <\/p>\n","protected":false},"author":2,"featured_media":39330,"comment_status":"open","ping_status":"closed","sticky":false,"template":"","format":"standard","meta":{"footnotes":""},"categories":[7],"tags":[],"class_list":["post-42120","post","type-post","status-publish","format-standard","has-post-thumbnail","hentry","category-atacama"],"_links":{"self":[{"href":"https:\/\/www.radioamigavallenar.cl\/index.php?rest_route=\/wp\/v2\/posts\/42120","targetHints":{"allow":["GET"]}}],"collection":[{"href":"https:\/\/www.radioamigavallenar.cl\/index.php?rest_route=\/wp\/v2\/posts"}],"about":[{"href":"https:\/\/www.radioamigavallenar.cl\/index.php?rest_route=\/wp\/v2\/types\/post"}],"author":[{"embeddable":true,"href":"https:\/\/www.radioamigavallenar.cl\/index.php?rest_route=\/wp\/v2\/users\/2"}],"replies":[{"embeddable":true,"href":"https:\/\/www.radioamigavallenar.cl\/index.php?rest_route=%2Fwp%2Fv2%2Fcomments&post=42120"}],"version-history":[{"count":1,"href":"https:\/\/www.radioamigavallenar.cl\/index.php?rest_route=\/wp\/v2\/posts\/42120\/revisions"}],"predecessor-version":[{"id":42121,"href":"https:\/\/www.radioamigavallenar.cl\/index.php?rest_route=\/wp\/v2\/posts\/42120\/revisions\/42121"}],"wp:featuredmedia":[{"embeddable":true,"href":"https:\/\/www.radioamigavallenar.cl\/index.php?rest_route=\/wp\/v2\/media\/39330"}],"wp:attachment":[{"href":"https:\/\/www.radioamigavallenar.cl\/index.php?rest_route=%2Fwp%2Fv2%2Fmedia&parent=42120"}],"wp:term":[{"taxonomy":"category","embeddable":true,"href":"https:\/\/www.radioamigavallenar.cl\/index.php?rest_route=%2Fwp%2Fv2%2Fcategories&post=42120"},{"taxonomy":"post_tag","embeddable":true,"href":"https:\/\/www.radioamigavallenar.cl\/index.php?rest_route=%2Fwp%2Fv2%2Ftags&post=42120"}],"curies":[{"name":"wp","href":"https:\/\/api.w.org\/{rel}","templated":true}]}}