{"id":42117,"date":"2021-07-13T12:28:46","date_gmt":"2021-07-13T16:28:46","guid":{"rendered":"https:\/\/www.radioamigavallenar.cl\/?p=42117"},"modified":"2021-07-13T12:28:46","modified_gmt":"2021-07-13T16:28:46","slug":"parque-eolico-sarco-certifica-su-energia-100-renovable-en-la-region-de-atacama","status":"publish","type":"post","link":"https:\/\/www.radioamigavallenar.cl\/?p=42117","title":{"rendered":"Parque E\u00f3lico Sarco certifica su energ\u00eda 100% renovable en la regi\u00f3n de Atacama"},"content":{"rendered":"<p>&nbsp;<\/p>\n<p>Parque E\u00f3lico Sarco, propiedad de Aela Energ\u00eda, ubicado en la comuna de Freirina, se suma a Pulse, plataforma de Transelec, que en base a la tecnolog\u00eda <em>blockchain<\/em>, permite certificar y dar trazabilidad en tiempo real a la energ\u00eda 100% renovable que genera la central.<\/p>\n<p>&nbsp;<\/p>\n<p>\u201cEl formar parte de Pulse permite dar plena certeza a nuestros clientes finales que cada Mega Watt hora utilizado proviene de una fuente renovable y as\u00ed ellos poder generar productos que tengan una certificaci\u00f3n verde en su cadena de producci\u00f3n\u201d, se\u00f1al\u00f3 C\u00e9sar V\u00e1squez, gerente comercial de Aela Energ\u00eda. Tambi\u00e9n, agreg\u00f3 que \u201cel contar con el atributo y la trazabilidad de Pulse permitir\u00e1 que consumidores ubicados en la regi\u00f3n tengan la opci\u00f3n de elegir suministrarse con energ\u00eda limpia proveniente del mismo territorio, incorpor\u00e1ndonos en forma activa la cadena de valor regional, y promoviendo, adem\u00e1s, la descentralizaci\u00f3n.\u201d<\/p>\n<p>&nbsp;<\/p>\n<p>Por otra parte, el ejecutivo se\u00f1al\u00f3 que \u201clas \u00faltimas modificaciones a la reforma tributaria en Chile del a\u00f1o 2020, que perfecciona el impuesto verde del 2014, permiten generar un mercado de compensaciones mediante la adquisici\u00f3n de atributos verdes que producen plantas como Aela, los cuales podr\u00edan ser certificados con plataformas de trazabilidad como Pulse\u201d.<\/p>\n<p>&nbsp;<\/p>\n<p>Este atributo es uno de los aportes que pretende dar la plataforma digital Pulse, tanto a las empresas que est\u00e1n haciendo un esfuerzo por recibir suministro en base a energ\u00edas limpias, como a las personas que buscan ser parte del cambio a trav\u00e9s de un consumo responsable y sostenible.<\/p>\n<p>&nbsp;<\/p>\n<p>Por su parte, Sebasti\u00e1n Fern\u00e1ndez, Vicepresidente de Desarrollo de Negocios de Transelec, expres\u00f3 que \u00abestamos muy contentos por la importante incorporaci\u00f3n de Aela a Pulse.\u00a0En este\u00a0espacio digital se encuentran las generadoras renovables con empresas que buscan ser m\u00e1s sostenibles, y que necesitan dar cuenta, a trav\u00e9s de la medici\u00f3n, trazabilidad y certificaci\u00f3n de Pulse, de que est\u00e1n consumiendo energ\u00edas limpias provenientes de plantas renovables como las de Aela. De esta manera, buscamos\u00a0ser protagonistas\u00a0en avanzar hacia\u00a0el desaf\u00edo que se ha\u00a0impuesto\u00a0Chile de descarbonizar la\u00a0matriz\u00a0energ\u00e9tica\u00bb.<\/p>\n<p>&nbsp;<\/p>\n<p>Para lograr registrar y certificar la energ\u00eda, \u00e9sta se monitorea a trav\u00e9s de un sistema de medici\u00f3n remota implementado por la plataforma Pulse, que sigue la ruta de la energ\u00eda desde su origen. Adem\u00e1s, se valida de manera constante por medio de visitas a terreno.<\/p>\n<p>Parque e\u00f3lico Sarco- compuesto por 50 aerogeneradores que suman 170 MW de potencia instalada, que equivale al consumo de energ\u00eda de aproximadamente 270\u00a0 mil hogares, permitiendo reducir 183 mil toneladas de CO2 al a\u00f1o-, se suma a la plataforma Pulse junto a los parques e\u00f3licos Aurora en la regi\u00f3n de Los Lagos\u00a0 y Cuel en la regi\u00f3n del Biob\u00edo, todos bajo el alero de Aela Energ\u00eda, empresa pionera de la transformaci\u00f3n energ\u00e9tica de nuestro pa\u00eds.<\/p>\n","protected":false},"excerpt":{"rendered":"<p>&nbsp; Parque E\u00f3lico Sarco, propiedad de Aela Energ\u00eda, ubicado en la comuna de Freirina, se suma a Pulse, plataforma de Transelec, que en base a&hellip; <\/p>\n","protected":false},"author":2,"featured_media":42118,"comment_status":"open","ping_status":"closed","sticky":false,"template":"","format":"standard","meta":{"footnotes":""},"categories":[7],"tags":[],"class_list":["post-42117","post","type-post","status-publish","format-standard","has-post-thumbnail","hentry","category-atacama"],"_links":{"self":[{"href":"https:\/\/www.radioamigavallenar.cl\/index.php?rest_route=\/wp\/v2\/posts\/42117","targetHints":{"allow":["GET"]}}],"collection":[{"href":"https:\/\/www.radioamigavallenar.cl\/index.php?rest_route=\/wp\/v2\/posts"}],"about":[{"href":"https:\/\/www.radioamigavallenar.cl\/index.php?rest_route=\/wp\/v2\/types\/post"}],"author":[{"embeddable":true,"href":"https:\/\/www.radioamigavallenar.cl\/index.php?rest_route=\/wp\/v2\/users\/2"}],"replies":[{"embeddable":true,"href":"https:\/\/www.radioamigavallenar.cl\/index.php?rest_route=%2Fwp%2Fv2%2Fcomments&post=42117"}],"version-history":[{"count":1,"href":"https:\/\/www.radioamigavallenar.cl\/index.php?rest_route=\/wp\/v2\/posts\/42117\/revisions"}],"predecessor-version":[{"id":42119,"href":"https:\/\/www.radioamigavallenar.cl\/index.php?rest_route=\/wp\/v2\/posts\/42117\/revisions\/42119"}],"wp:featuredmedia":[{"embeddable":true,"href":"https:\/\/www.radioamigavallenar.cl\/index.php?rest_route=\/wp\/v2\/media\/42118"}],"wp:attachment":[{"href":"https:\/\/www.radioamigavallenar.cl\/index.php?rest_route=%2Fwp%2Fv2%2Fmedia&parent=42117"}],"wp:term":[{"taxonomy":"category","embeddable":true,"href":"https:\/\/www.radioamigavallenar.cl\/index.php?rest_route=%2Fwp%2Fv2%2Fcategories&post=42117"},{"taxonomy":"post_tag","embeddable":true,"href":"https:\/\/www.radioamigavallenar.cl\/index.php?rest_route=%2Fwp%2Fv2%2Ftags&post=42117"}],"curies":[{"name":"wp","href":"https:\/\/api.w.org\/{rel}","templated":true}]}}