{"id":42115,"date":"2021-07-13T12:12:50","date_gmt":"2021-07-13T16:12:50","guid":{"rendered":"https:\/\/www.radioamigavallenar.cl\/?p=42115"},"modified":"2021-07-13T12:12:50","modified_gmt":"2021-07-13T16:12:50","slug":"hoy-atacama-confirmo-104-casos-nuevos-de-covid-y-636-activos","status":"publish","type":"post","link":"https:\/\/www.radioamigavallenar.cl\/?p=42115","title":{"rendered":"Hoy Atacama confirm\u00f3  104 casos nuevos de COVID y 636 activos"},"content":{"rendered":"<p>&nbsp;<\/p>\n<p>El Minsal inform\u00f3 este martes un total de 104 nuevos casos de Covid-19 en Atacama, de ellos 52 fueron casos sintom\u00e1ticos y 50 sin s\u00edntomas, adem\u00e1s se informaron 2 casos por laboratorios y 9 detectados por ant\u00edgenos; Sobre los activos, se informaron este martes 636\u00a0 casos a nivel regional.<\/p>\n<p>Respecto de la positividad, este alcanz\u00f3 en la regi\u00f3n el 6%, la segunda m\u00e1s alta de nivel nacional y la m\u00e1s alta positividad entre las regiones del norte del pa\u00eds.<\/p>\n<p>Con ello Atacama alcanza a la fecha un total de 25.935 casos acumulados de la pandemia.<\/p>\n","protected":false},"excerpt":{"rendered":"<p>&nbsp; El Minsal inform\u00f3 este martes un total de 104 nuevos casos de Covid-19 en Atacama, de ellos 52 fueron casos sintom\u00e1ticos y 50 sin&hellip; <\/p>\n","protected":false},"author":2,"featured_media":35836,"comment_status":"open","ping_status":"closed","sticky":false,"template":"","format":"standard","meta":{"footnotes":""},"categories":[38],"tags":[],"class_list":["post-42115","post","type-post","status-publish","format-standard","has-post-thumbnail","hentry","category-portada-regional"],"_links":{"self":[{"href":"https:\/\/www.radioamigavallenar.cl\/index.php?rest_route=\/wp\/v2\/posts\/42115","targetHints":{"allow":["GET"]}}],"collection":[{"href":"https:\/\/www.radioamigavallenar.cl\/index.php?rest_route=\/wp\/v2\/posts"}],"about":[{"href":"https:\/\/www.radioamigavallenar.cl\/index.php?rest_route=\/wp\/v2\/types\/post"}],"author":[{"embeddable":true,"href":"https:\/\/www.radioamigavallenar.cl\/index.php?rest_route=\/wp\/v2\/users\/2"}],"replies":[{"embeddable":true,"href":"https:\/\/www.radioamigavallenar.cl\/index.php?rest_route=%2Fwp%2Fv2%2Fcomments&post=42115"}],"version-history":[{"count":1,"href":"https:\/\/www.radioamigavallenar.cl\/index.php?rest_route=\/wp\/v2\/posts\/42115\/revisions"}],"predecessor-version":[{"id":42116,"href":"https:\/\/www.radioamigavallenar.cl\/index.php?rest_route=\/wp\/v2\/posts\/42115\/revisions\/42116"}],"wp:featuredmedia":[{"embeddable":true,"href":"https:\/\/www.radioamigavallenar.cl\/index.php?rest_route=\/wp\/v2\/media\/35836"}],"wp:attachment":[{"href":"https:\/\/www.radioamigavallenar.cl\/index.php?rest_route=%2Fwp%2Fv2%2Fmedia&parent=42115"}],"wp:term":[{"taxonomy":"category","embeddable":true,"href":"https:\/\/www.radioamigavallenar.cl\/index.php?rest_route=%2Fwp%2Fv2%2Fcategories&post=42115"},{"taxonomy":"post_tag","embeddable":true,"href":"https:\/\/www.radioamigavallenar.cl\/index.php?rest_route=%2Fwp%2Fv2%2Ftags&post=42115"}],"curies":[{"name":"wp","href":"https:\/\/api.w.org\/{rel}","templated":true}]}}