{"id":42113,"date":"2021-07-13T12:08:45","date_gmt":"2021-07-13T16:08:45","guid":{"rendered":"https:\/\/www.radioamigavallenar.cl\/?p=42113"},"modified":"2021-07-13T12:08:45","modified_gmt":"2021-07-13T16:08:45","slug":"atacama-tiene-la-positividad-mas-alta-en-la-zona-norte","status":"publish","type":"post","link":"https:\/\/www.radioamigavallenar.cl\/?p=42113","title":{"rendered":"Atacama tiene la  positividad m\u00e1s alta en la zona norte"},"content":{"rendered":"<p>La regi\u00f3n de Atacama arroj\u00f3 este martes una positividad de un 6%, la m\u00e1s alta entre las regiones del norte del pa\u00eds, mismo porcentaje que registr\u00f3 la regi\u00f3n de Valpara\u00edso. Respecto a las regiones del norte,\u00a0Arica y Parinacota registr\u00f3 un 3%, Tarapac\u00e1 un 2%, Antofagasta 1% y Coquimbo un 4%.<\/p>\n<p>Sobre la positividad de la \u00faltimas semana, Atacama registra un 5%, la m\u00e1s alta de la zona norte.<\/p>\n<p>La regi\u00f3n Metropolitana alcanz\u00f3 un 4%, en tanto las regiones con baja positividad est\u00e1, Antofagasta, Ays\u00e9n y Magallanes. La m\u00e1s alta del pa\u00eds, la regi\u00f3n de Los R\u00edos con un 7%<\/p>\n","protected":false},"excerpt":{"rendered":"<p>La regi\u00f3n de Atacama arroj\u00f3 este martes una positividad de un 6%, la m\u00e1s alta entre las regiones del norte del pa\u00eds, mismo porcentaje que&hellip; <\/p>\n","protected":false},"author":2,"featured_media":28118,"comment_status":"open","ping_status":"closed","sticky":false,"template":"","format":"standard","meta":{"footnotes":""},"categories":[38],"tags":[],"class_list":["post-42113","post","type-post","status-publish","format-standard","has-post-thumbnail","hentry","category-portada-regional"],"_links":{"self":[{"href":"https:\/\/www.radioamigavallenar.cl\/index.php?rest_route=\/wp\/v2\/posts\/42113","targetHints":{"allow":["GET"]}}],"collection":[{"href":"https:\/\/www.radioamigavallenar.cl\/index.php?rest_route=\/wp\/v2\/posts"}],"about":[{"href":"https:\/\/www.radioamigavallenar.cl\/index.php?rest_route=\/wp\/v2\/types\/post"}],"author":[{"embeddable":true,"href":"https:\/\/www.radioamigavallenar.cl\/index.php?rest_route=\/wp\/v2\/users\/2"}],"replies":[{"embeddable":true,"href":"https:\/\/www.radioamigavallenar.cl\/index.php?rest_route=%2Fwp%2Fv2%2Fcomments&post=42113"}],"version-history":[{"count":1,"href":"https:\/\/www.radioamigavallenar.cl\/index.php?rest_route=\/wp\/v2\/posts\/42113\/revisions"}],"predecessor-version":[{"id":42114,"href":"https:\/\/www.radioamigavallenar.cl\/index.php?rest_route=\/wp\/v2\/posts\/42113\/revisions\/42114"}],"wp:featuredmedia":[{"embeddable":true,"href":"https:\/\/www.radioamigavallenar.cl\/index.php?rest_route=\/wp\/v2\/media\/28118"}],"wp:attachment":[{"href":"https:\/\/www.radioamigavallenar.cl\/index.php?rest_route=%2Fwp%2Fv2%2Fmedia&parent=42113"}],"wp:term":[{"taxonomy":"category","embeddable":true,"href":"https:\/\/www.radioamigavallenar.cl\/index.php?rest_route=%2Fwp%2Fv2%2Fcategories&post=42113"},{"taxonomy":"post_tag","embeddable":true,"href":"https:\/\/www.radioamigavallenar.cl\/index.php?rest_route=%2Fwp%2Fv2%2Ftags&post=42113"}],"curies":[{"name":"wp","href":"https:\/\/api.w.org\/{rel}","templated":true}]}}