{"id":42111,"date":"2021-07-13T07:00:20","date_gmt":"2021-07-13T11:00:20","guid":{"rendered":"https:\/\/www.radioamigavallenar.cl\/?p=42111"},"modified":"2021-07-12T23:46:02","modified_gmt":"2021-07-13T03:46:02","slug":"oposicion-apoyaria-acusacion-constitucional-contra-figueroa-sera-ingresada-esta-semana","status":"publish","type":"post","link":"https:\/\/www.radioamigavallenar.cl\/?p=42111","title":{"rendered":"Oposici\u00f3n apoyar\u00eda: Acusaci\u00f3n constitucional contra Figueroa ser\u00e1 ingresada esta semana"},"content":{"rendered":"<p>Esta semana ser\u00e1 presentada la acusaci\u00f3n constitucional contra el ministro de Educaci\u00f3n, Ra\u00fal Figueroa.\u00a0Desde la oposici\u00f3n anunciaron que el documento tendr\u00e1 firmas de todos los partidos del bloque, incluida la Democracia Cristiana.<\/p>\n<p>En el sector miran con cautela esta acci\u00f3n, recordando que sus \u00faltimos intentos no han sido exitosos. Cabe recordar que incluso no contaron con los votos suficientes cuando la titular de la cartera era Marcela Cubillos.<\/p>\n<p>El diputado Juan Santana (PS), uno de los impulsores de la acusaci\u00f3n contra Figueroa, dijo que\u00a0el libelo acusatorio cuanta con un apoyo transversal dentro de la oposici\u00f3n.<\/p>\n<p>Una figura clave dentro de este proceso es el parlamentario Mario Venegas (DC), quien es presidente de la comisi\u00f3n de Educaci\u00f3n de la C\u00e1mara. Seg\u00fan el congresista,\u00a0algunos representantes de su partido ya han manifestado, de manera informal, su disposici\u00f3n de apoyar la acusaci\u00f3n.<\/p>\n<p>Distinta suerte ha corrido la articulaci\u00f3n pol\u00edtica en torno a la acusaci\u00f3n constitucional contra el ministro de la Segpres, Juan Jos\u00e9 Ossa. En particular,\u00a0el PC aclar\u00f3 que pospondr\u00e1 la presentaci\u00f3n de esta acci\u00f3n para la pr\u00f3xima semana, en busca de un mayor apoyo de distintos sectores de la oposici\u00f3n.<\/p>\n<p>Desde la DC, el PPD y el PS manifestaron sus reparos a la iniciativa. El diputado del PC, Daniel N\u00fa\u00f1ez, dijo que esta acci\u00f3n es necesaria para\u00a0frenar a \u201cun gobierno que quiere boicotear el proceso constituyente\u201d.<\/p>\n<p>Desde el oficialismo han cuestionado la acusaci\u00f3n contra el ministro Ossa. El jefe de bancada de la UDI, el diputado Juan Antonio Coloma, expres\u00f3 que\u00a0el retraso del libelo acusatorio demuestra que \u201cse est\u00e1 cayendo a pedazos\u201d.<\/p>\n<p>La acusaci\u00f3n contra el ministro de Educaci\u00f3n, Ra\u00fal Figueroa, se presentar\u00eda este mi\u00e9rcoles o jueves de manera virtual, ya que esta semana es de car\u00e1cter distrital.\u00a0En cuanto al proceso contra el ministro Ossa, todav\u00eda no hay una fecha clara al respecto<\/p>\n","protected":false},"excerpt":{"rendered":"<p>Esta semana ser\u00e1 presentada la acusaci\u00f3n constitucional contra el ministro de Educaci\u00f3n, Ra\u00fal Figueroa.\u00a0Desde la oposici\u00f3n anunciaron que el documento tendr\u00e1 firmas de todos los&hellip; <\/p>\n","protected":false},"author":2,"featured_media":25883,"comment_status":"open","ping_status":"closed","sticky":false,"template":"","format":"standard","meta":{"footnotes":""},"categories":[37],"tags":[],"class_list":["post-42111","post","type-post","status-publish","format-standard","has-post-thumbnail","hentry","category-nacional"],"_links":{"self":[{"href":"https:\/\/www.radioamigavallenar.cl\/index.php?rest_route=\/wp\/v2\/posts\/42111","targetHints":{"allow":["GET"]}}],"collection":[{"href":"https:\/\/www.radioamigavallenar.cl\/index.php?rest_route=\/wp\/v2\/posts"}],"about":[{"href":"https:\/\/www.radioamigavallenar.cl\/index.php?rest_route=\/wp\/v2\/types\/post"}],"author":[{"embeddable":true,"href":"https:\/\/www.radioamigavallenar.cl\/index.php?rest_route=\/wp\/v2\/users\/2"}],"replies":[{"embeddable":true,"href":"https:\/\/www.radioamigavallenar.cl\/index.php?rest_route=%2Fwp%2Fv2%2Fcomments&post=42111"}],"version-history":[{"count":1,"href":"https:\/\/www.radioamigavallenar.cl\/index.php?rest_route=\/wp\/v2\/posts\/42111\/revisions"}],"predecessor-version":[{"id":42112,"href":"https:\/\/www.radioamigavallenar.cl\/index.php?rest_route=\/wp\/v2\/posts\/42111\/revisions\/42112"}],"wp:featuredmedia":[{"embeddable":true,"href":"https:\/\/www.radioamigavallenar.cl\/index.php?rest_route=\/wp\/v2\/media\/25883"}],"wp:attachment":[{"href":"https:\/\/www.radioamigavallenar.cl\/index.php?rest_route=%2Fwp%2Fv2%2Fmedia&parent=42111"}],"wp:term":[{"taxonomy":"category","embeddable":true,"href":"https:\/\/www.radioamigavallenar.cl\/index.php?rest_route=%2Fwp%2Fv2%2Fcategories&post=42111"},{"taxonomy":"post_tag","embeddable":true,"href":"https:\/\/www.radioamigavallenar.cl\/index.php?rest_route=%2Fwp%2Fv2%2Ftags&post=42111"}],"curies":[{"name":"wp","href":"https:\/\/api.w.org\/{rel}","templated":true}]}}