{"id":42109,"date":"2021-07-13T07:00:16","date_gmt":"2021-07-13T11:00:16","guid":{"rendered":"https:\/\/www.radioamigavallenar.cl\/?p=42109"},"modified":"2021-07-12T23:39:58","modified_gmt":"2021-07-13T03:39:58","slug":"tres-detenidos-por-microtrafico-de-drogas-en-copiapo-un-hombre-una-madre-y-su-hija","status":"publish","type":"post","link":"https:\/\/www.radioamigavallenar.cl\/?p=42109","title":{"rendered":"Tres detenidos por microtr\u00e1fico de drogas en Copiap\u00f3: un hombre, una madre y su hija"},"content":{"rendered":"<p>Los hechos, seg\u00fan los antecedentes proporcionados por el oficial de la Secci\u00f3n Especializada del OS7 Atacama, Teniente Michael Avenda\u00f1o,\u00a0 son producto de una investigaci\u00f3n conjunta con el Ministerio P\u00fablico, tendiente a verificar denuncias sobre microtr\u00e1fico en un domicilio ubicado en calle Vallenar de poblaci\u00f3n Rosario, en la comuna de Copiap\u00f3.<\/p>\n<p>Con los antecedentes acerca de la l\u00edder de este grupo, quien hab\u00eda salido poco m\u00e1s de un mes de la c\u00e1rcel tras cumplir una condena por tr\u00e1fico de drogas,\u00a0 se inici\u00f3 el proceso investigativo en coordinaci\u00f3n con la Fiscal\u00eda, donde se logr\u00f3 concretar detenci\u00f3n de los involucrados.<\/p>\n<p>Seg\u00fan Carabineros,\u00a0 se logr\u00f3 comprobar que la mujer junto a su hija y un tercer detenido se dedicaban a la venta de drogas en dicha poblaci\u00f3n.\u00a0Durante el procedimiento de entrada y registro del inmueble se incautaron 137 gramos 700 miligramos de Pasta Base de Coca\u00edna (167 envoltorios) y $ 74.000 mil pesos. Adem\u00e1s de evidencia asociada al il\u00edcito.<\/p>\n<p>Los detenidos fueron identificados como S.W.R.A, chilena, 47 a\u00f1os, antecedentes por Tr\u00e1fico il\u00edcito de Drogas; M.I.A.H,, chilena, 22 a\u00f1os, antecedentes por Tr\u00e1fico il\u00edcito de Drogas y M.F.S.R, chileno, 18 a\u00f1os<\/p>\n<p>El fiscal del caso dispuso que los imputados pasaran a control de detenci\u00f3n.<\/p>\n","protected":false},"excerpt":{"rendered":"<p>Los hechos, seg\u00fan los antecedentes proporcionados por el oficial de la Secci\u00f3n Especializada del OS7 Atacama, Teniente Michael Avenda\u00f1o,\u00a0 son producto de una investigaci\u00f3n conjunta&hellip; <\/p>\n","protected":false},"author":2,"featured_media":39741,"comment_status":"open","ping_status":"closed","sticky":false,"template":"","format":"standard","meta":{"footnotes":""},"categories":[38],"tags":[],"class_list":["post-42109","post","type-post","status-publish","format-standard","has-post-thumbnail","hentry","category-portada-regional"],"_links":{"self":[{"href":"https:\/\/www.radioamigavallenar.cl\/index.php?rest_route=\/wp\/v2\/posts\/42109","targetHints":{"allow":["GET"]}}],"collection":[{"href":"https:\/\/www.radioamigavallenar.cl\/index.php?rest_route=\/wp\/v2\/posts"}],"about":[{"href":"https:\/\/www.radioamigavallenar.cl\/index.php?rest_route=\/wp\/v2\/types\/post"}],"author":[{"embeddable":true,"href":"https:\/\/www.radioamigavallenar.cl\/index.php?rest_route=\/wp\/v2\/users\/2"}],"replies":[{"embeddable":true,"href":"https:\/\/www.radioamigavallenar.cl\/index.php?rest_route=%2Fwp%2Fv2%2Fcomments&post=42109"}],"version-history":[{"count":1,"href":"https:\/\/www.radioamigavallenar.cl\/index.php?rest_route=\/wp\/v2\/posts\/42109\/revisions"}],"predecessor-version":[{"id":42110,"href":"https:\/\/www.radioamigavallenar.cl\/index.php?rest_route=\/wp\/v2\/posts\/42109\/revisions\/42110"}],"wp:featuredmedia":[{"embeddable":true,"href":"https:\/\/www.radioamigavallenar.cl\/index.php?rest_route=\/wp\/v2\/media\/39741"}],"wp:attachment":[{"href":"https:\/\/www.radioamigavallenar.cl\/index.php?rest_route=%2Fwp%2Fv2%2Fmedia&parent=42109"}],"wp:term":[{"taxonomy":"category","embeddable":true,"href":"https:\/\/www.radioamigavallenar.cl\/index.php?rest_route=%2Fwp%2Fv2%2Fcategories&post=42109"},{"taxonomy":"post_tag","embeddable":true,"href":"https:\/\/www.radioamigavallenar.cl\/index.php?rest_route=%2Fwp%2Fv2%2Ftags&post=42109"}],"curies":[{"name":"wp","href":"https:\/\/api.w.org\/{rel}","templated":true}]}}