{"id":42105,"date":"2021-07-13T07:00:12","date_gmt":"2021-07-13T11:00:12","guid":{"rendered":"https:\/\/www.radioamigavallenar.cl\/?p=42105"},"modified":"2021-07-12T23:31:44","modified_gmt":"2021-07-13T03:31:44","slug":"el-inicio-de-la-convencion-constituyente-y-el-aporte-de-los-abogados-participantes-patricia-villegas-diaz-abogada-y-academica-ucen-region-coquimbo","status":"publish","type":"post","link":"https:\/\/www.radioamigavallenar.cl\/?p=42105","title":{"rendered":"El inicio de la convenci\u00f3n constituyente y el aporte de los abogados participantes  Patricia Villegas D\u00edaz, Abogada y acad\u00e9mica UCEN Regi\u00f3n Coquimbo"},"content":{"rendered":"<p>Durante la primera semana de trabajo de la convenci\u00f3n constituyente hemos sido testigos de los esfuerzos por avanzar en su cometido. Tambi\u00e9n hemos visto, seg\u00fan ha informado la prensa, que son m\u00e1s de 50 los abogados que conforman el organismo cuyo mandato es redactar nuestra nueva Constituci\u00f3n. De ellos 6 son especialistas en Derecho Constitucional. 5 pertenecen a los pueblos originarios, 4 son egresados de derecho, 2 licenciados en Ciencias Jur\u00eddicas y uno es estudiante de Derecho. 2 son abogadas especialistas en derechos humanos y g\u00e9nero. Y respecto de los 17 representantes de pueblos ind\u00edgenas, 6 son abogados.<\/p>\n<p>Trat\u00e1ndose de nuestro Distrito 5 que comprende a las comunas de Andacollo, Ovalle, Los Vilos, Canela, Monte Patria, Salamanca, Combarbal\u00e1, Coquimbo, R\u00edo Hurtado, Illapel, La Higuera, La Serena, Paihuano, Punitaqui y Vicu\u00f1a, los constituyentes abogados son tres.<\/p>\n<p>Don Roberto Vega, de Renovaci\u00f3n Nacional, que tiene 43 a\u00f1os, es Mag\u00edster en Derecho y se desempe\u00f1\u00f3 hasta fines del a\u00f1o 2020 como seremi de Miner\u00eda, cargo que dej\u00f3 para postularse como constituyente. En segundo lugar, est\u00e1 Do\u00f1a Jennifer Mella, que es independiente por Convergencia Social, tiene 40 a\u00f1os, es especialista en derechos humanos, mujeres e infancia, y es una de las ocho representantes de la comunidad LGBTIQ+ de la Convenci\u00f3n.<\/p>\n<p>Seguidamente, est\u00e1 don Daniel Bravo, que es independiente, tiene 39 a\u00f1os y una destacada trayectoria como docente universitario en varias casas de estudios, entre las que se encuentra la Universidad Central, Regi\u00f3n de Coquimbo, donde desde el a\u00f1o 2011, imparte varias asignaturas, principalmente Derecho Civil e Historia Constitucional.<\/p>\n<p>Sumado a los ya se\u00f1alados, y respecto de los pueblos originarios, se encuentra en representaci\u00f3n del pueblo Diaguita, do\u00f1a Mar\u00eda Gabriela Calder\u00f3n de 41 a\u00f1os de edad, tambi\u00e9n abogada.<\/p>\n<p>Desde lo profesional, es posible anticipar que el conocimiento t\u00e9cnico de estos constituyentes en materia jur\u00eddica ser\u00e1 sin duda un aporte para la estructura de la nueva Constituci\u00f3n; tambi\u00e9n sus habilidades de oratoria, elocuencia e incluso de litigaci\u00f3n, propias de esta profesi\u00f3n, pueden aportar y facilitar la redacci\u00f3n de las conclusiones a las que se arribe en la convenci\u00f3n.<\/p>\n","protected":false},"excerpt":{"rendered":"<p>Durante la primera semana de trabajo de la convenci\u00f3n constituyente hemos sido testigos de los esfuerzos por avanzar en su cometido. Tambi\u00e9n hemos visto, seg\u00fan&hellip; <\/p>\n","protected":false},"author":2,"featured_media":42106,"comment_status":"open","ping_status":"closed","sticky":false,"template":"","format":"standard","meta":{"footnotes":""},"categories":[37],"tags":[],"class_list":["post-42105","post","type-post","status-publish","format-standard","has-post-thumbnail","hentry","category-nacional"],"_links":{"self":[{"href":"https:\/\/www.radioamigavallenar.cl\/index.php?rest_route=\/wp\/v2\/posts\/42105","targetHints":{"allow":["GET"]}}],"collection":[{"href":"https:\/\/www.radioamigavallenar.cl\/index.php?rest_route=\/wp\/v2\/posts"}],"about":[{"href":"https:\/\/www.radioamigavallenar.cl\/index.php?rest_route=\/wp\/v2\/types\/post"}],"author":[{"embeddable":true,"href":"https:\/\/www.radioamigavallenar.cl\/index.php?rest_route=\/wp\/v2\/users\/2"}],"replies":[{"embeddable":true,"href":"https:\/\/www.radioamigavallenar.cl\/index.php?rest_route=%2Fwp%2Fv2%2Fcomments&post=42105"}],"version-history":[{"count":1,"href":"https:\/\/www.radioamigavallenar.cl\/index.php?rest_route=\/wp\/v2\/posts\/42105\/revisions"}],"predecessor-version":[{"id":42107,"href":"https:\/\/www.radioamigavallenar.cl\/index.php?rest_route=\/wp\/v2\/posts\/42105\/revisions\/42107"}],"wp:featuredmedia":[{"embeddable":true,"href":"https:\/\/www.radioamigavallenar.cl\/index.php?rest_route=\/wp\/v2\/media\/42106"}],"wp:attachment":[{"href":"https:\/\/www.radioamigavallenar.cl\/index.php?rest_route=%2Fwp%2Fv2%2Fmedia&parent=42105"}],"wp:term":[{"taxonomy":"category","embeddable":true,"href":"https:\/\/www.radioamigavallenar.cl\/index.php?rest_route=%2Fwp%2Fv2%2Fcategories&post=42105"},{"taxonomy":"post_tag","embeddable":true,"href":"https:\/\/www.radioamigavallenar.cl\/index.php?rest_route=%2Fwp%2Fv2%2Ftags&post=42105"}],"curies":[{"name":"wp","href":"https:\/\/api.w.org\/{rel}","templated":true}]}}