{"id":42102,"date":"2021-07-13T07:00:00","date_gmt":"2021-07-13T11:00:00","guid":{"rendered":"https:\/\/www.radioamigavallenar.cl\/?p=42102"},"modified":"2021-07-12T23:15:36","modified_gmt":"2021-07-13T03:15:36","slug":"gobernadora-paulina-bassaure-mi-gestion-tuvo-como-foco-las-organizaciones-sociales-y-la-participacion-de-las-mujeres","status":"publish","type":"post","link":"https:\/\/www.radioamigavallenar.cl\/?p=42102","title":{"rendered":"Gobernadora Paulina Bassaure: \u201cMi gesti\u00f3n tuvo como foco las organizaciones sociales y la participaci\u00f3n de las mujeres\u201d"},"content":{"rendered":"<p class=\"x_MsoNormal\"><span lang=\"ES-MX\">Durante su per\u00edodo como autoridad provincial, 2019 al 2021, la Gobernadora Paulina Bassaure Aguirre, que entre sus funciones gestion\u00f3 el Fondo Organizaci\u00f3n Regional de Acci\u00f3n Social (ORASMI) y el Fondo Social Presidente de la Rep\u00fablica, que financia proyectos en favor de organizaciones sociales. Tambi\u00e9n coordin\u00f3 los servicios p\u00fablicos y gestion\u00f3 acciones para el despliegue territorial del Gobierno en Terreno, contingencias y emergencias.<\/span> <span lang=\"ES-MX\">Hoy la autoridad est\u00e1 pr\u00f3xima entregar su cargo para incorporarse a la Delegaci\u00f3n Presidencial y por ello realiza una cuenta de su gesti\u00f3n durante ese per\u00edodo.\u00a0<\/span><\/p>\n<p class=\"x_MsoNormal\"><span lang=\"ES-MX\">M\u00e1s de 49 millones de pesos fueron entregados por la Gobernaci\u00f3n Provincial de Copiap\u00f3, en el Fondo ORASMI, beneficio para emprendedores, como m\u00e1quinas de coser, computadores y \u00fatiles de aseo para ser comercializados y generar una fuente de ingreso. Tambi\u00e9n se entreg\u00f3 ayuda social a personas de escasos recursos, como kits de aseo, cocinas, refrigeradores y camas. En total fueron 486 personas de Copiap\u00f3, Caldera y Tierra Amarilla. \u00a0<\/span><\/p>\n<p class=\"x_MsoNormal\"><span lang=\"ES-MX\">\u201cEstos a\u00f1os sin duda no fueron f\u00e1ciles, representaron un gran desaf\u00edo para m\u00ed, pero mediante el di\u00e1logo, la generaci\u00f3n de acuerdos y el trabajo en equipo, pudimos sacar adelante la entrega de cajas de mercader\u00edas por el \u201cPrograma de Alimentos para Chile\u201d, la entrega de material b\u00e1sico para el funcionamiento de establecimientos dedicados a tratar ni\u00f1os y ni\u00f1as con trastornos del espectro autista (TEA), algo que me preocupa profundamente, ya que la estimulaci\u00f3n temprana es fundamental para un correcto desarrollo de la infancia\u201dafirm\u00f3 la Gobernadora Bassaure . \u00a0<\/span><\/p>\n<p class=\"x_MsoNormal\"><b><span lang=\"ES-MX\">Emergencias\u00a0<\/span><\/b><\/p>\n<p class=\"x_MsoNormal\"><span lang=\"ES-MX\">Estos a\u00f1os no estuvieron exentos de emergencias derivadas de fen\u00f3menos naturales como lluvias y el terremoto del a\u00f1o pasado. Es por eso que, la Gobernaci\u00f3n Provincial fue clave en la coordinaci\u00f3n con los Servicios de Vivienda y Urbanizaci\u00f3n (SERVIU) y el Servicio Nacional del Adulto Mayor (SENAMA), ya que los m\u00e1s afectados fueron los adultos mayores. En ese contexto, ambos servicios fueron muy importantes para entregar soluciones estructurales a los m\u00e1s afectados. As\u00ed como tambi\u00e9n contar con el apoyo de las fuerzas de orden y seguridad, en el resguardo de la poblaci\u00f3n \u00a0<\/span><\/p>\n<p class=\"x_MsoNormal\"><span lang=\"ES-MX\">\u201cDurante mi gesti\u00f3n, pude generar fuertes lazos con juntas de vecinos y organizaciones sociales, conoc\u00ed grandes personas, que en su mayor\u00eda eran adultos mayores. Necesitaban ser escuchados, pero m\u00e1s que todo, requer\u00edan soluciones. Me enorgullece haber contribuido a la construcci\u00f3n de sedes donde se pudiesen reunir y mejorar su calidad de vida. Es importante remarcar que las autoridades deben ser cercanas, ya que eso me permiti\u00f3 entregar las soluciones que ven\u00edan solicitando por a\u00f1os\u201d.\u00a0<\/span><\/p>\n<p class=\"x_MsoNormal\"><span lang=\"ES-MX\">\u00a0<\/span><\/p>\n<p class=\"x_MsoNormal\"><b><span lang=\"ES-MX\">\u201cEl liderazgo no es s\u00f3lo cosa de hombres\u201d\u00a0<\/span><\/b><\/p>\n<p class=\"x_MsoNormal\"><span lang=\"ES-MX\">\u201cSin el apoyo de mi familia, no me podr\u00eda haber desempe\u00f1ado de la mejor forma, me sentir\u00eda en deuda, pero no fue as\u00ed. Mi esposo y mis hijos fueron un gran apoyo, comprendieron mi vocaci\u00f3n por servir a mi regi\u00f3n y que mi compromiso siempre ha estado con las personas. Les agradezco profundamente y empatizo con aquellas mujeres que no tienen los mismos privilegios y reafirmo mi compromiso por seguir trabajando para que las mujeres podamos liderar desde distintos puestos, que hist\u00f3ricamente han sido ocupados por hombres, esto genera que sea la puerta de entrada a una sociedad m\u00e1s igualitaria y equitativa\u201d, cerr\u00f3 la autoridad provincial, que hoy entrega su cargo. \u00a0<\/span><\/p>\n","protected":false},"excerpt":{"rendered":"<p>Durante su per\u00edodo como autoridad provincial, 2019 al 2021, la Gobernadora Paulina Bassaure Aguirre, que entre sus funciones gestion\u00f3 el Fondo Organizaci\u00f3n Regional de Acci\u00f3n&hellip; <\/p>\n","protected":false},"author":2,"featured_media":42103,"comment_status":"open","ping_status":"closed","sticky":false,"template":"","format":"standard","meta":{"footnotes":""},"categories":[38],"tags":[],"class_list":["post-42102","post","type-post","status-publish","format-standard","has-post-thumbnail","hentry","category-portada-regional"],"_links":{"self":[{"href":"https:\/\/www.radioamigavallenar.cl\/index.php?rest_route=\/wp\/v2\/posts\/42102","targetHints":{"allow":["GET"]}}],"collection":[{"href":"https:\/\/www.radioamigavallenar.cl\/index.php?rest_route=\/wp\/v2\/posts"}],"about":[{"href":"https:\/\/www.radioamigavallenar.cl\/index.php?rest_route=\/wp\/v2\/types\/post"}],"author":[{"embeddable":true,"href":"https:\/\/www.radioamigavallenar.cl\/index.php?rest_route=\/wp\/v2\/users\/2"}],"replies":[{"embeddable":true,"href":"https:\/\/www.radioamigavallenar.cl\/index.php?rest_route=%2Fwp%2Fv2%2Fcomments&post=42102"}],"version-history":[{"count":1,"href":"https:\/\/www.radioamigavallenar.cl\/index.php?rest_route=\/wp\/v2\/posts\/42102\/revisions"}],"predecessor-version":[{"id":42104,"href":"https:\/\/www.radioamigavallenar.cl\/index.php?rest_route=\/wp\/v2\/posts\/42102\/revisions\/42104"}],"wp:featuredmedia":[{"embeddable":true,"href":"https:\/\/www.radioamigavallenar.cl\/index.php?rest_route=\/wp\/v2\/media\/42103"}],"wp:attachment":[{"href":"https:\/\/www.radioamigavallenar.cl\/index.php?rest_route=%2Fwp%2Fv2%2Fmedia&parent=42102"}],"wp:term":[{"taxonomy":"category","embeddable":true,"href":"https:\/\/www.radioamigavallenar.cl\/index.php?rest_route=%2Fwp%2Fv2%2Fcategories&post=42102"},{"taxonomy":"post_tag","embeddable":true,"href":"https:\/\/www.radioamigavallenar.cl\/index.php?rest_route=%2Fwp%2Fv2%2Ftags&post=42102"}],"curies":[{"name":"wp","href":"https:\/\/api.w.org\/{rel}","templated":true}]}}