{"id":42098,"date":"2021-07-13T07:00:50","date_gmt":"2021-07-13T11:00:50","guid":{"rendered":"https:\/\/www.radioamigavallenar.cl\/?p=42098"},"modified":"2021-07-12T23:02:44","modified_gmt":"2021-07-13T03:02:44","slug":"la-moneda-echa-pie-atras-frente-a-las-criticas-y-repone-presupuesto-a-gobernadores-regionales","status":"publish","type":"post","link":"https:\/\/www.radioamigavallenar.cl\/?p=42098","title":{"rendered":"La Moneda echa pie atr\u00e1s frente a las cr\u00edticas y repone presupuesto a gobernadores regionales"},"content":{"rendered":"<p>El Gobierno\u00a0<strong>revirti\u00f3 el decreto que reduc\u00eda<\/strong>\u00a0el presupuesto a gobernadores regionales en casi\u00a0<strong>$660 mil millones,<\/strong>\u00a0esto, a dos d\u00edas de que se asuman cargos en los 16 territorios regionales.<\/p>\n<div class=\"lee-tambien-bbcl\">\n<div class=\"lee-tambien-caja\">El ministro de Hacienda, Rodrigo Cerda, asegur\u00f3 que tras analizar la reducci\u00f3n de recursos junto al ministro del Interior, Rodrigo Delgado, se tom\u00f3 la decisi\u00f3n de <strong>devolver el financiamiento.<\/strong><\/div>\n<\/div>\n<p>En medio de una sesi\u00f3n de la Comisi\u00f3n de Hacienda, que dio a conocer el Informe de Finanzas P\u00fablicas, distintos parlamentarios expresaron sus inquietudes al ministro de Hacienda, Rodrigo Cerda, con respecto a los presupuestos que necesitar\u00e1n los Gobiernos Regionales, a dos d\u00edas de que se asuman los cargos.<\/p>\n<p>Esto, tras distintas cr\u00edticas por parte de los gobernadores, luego de que el Ejecutivo modificara el presupuesto vigente, en\u00a0<strong>$660 millones\u00a0<\/strong>y aumentara en paralelo, el de los ahora llamados delegados presidenciales, conocidos con anterioridad como intendentes.<\/p>\n<p>Ximena Rinc\u00f3n, senadora DC y presidenta de la Comisi\u00f3n de Hacienda, le exigi\u00f3 a la mesa del Ejecutivo, aclarar las dudas a los gobernadores, respecto a sus presupuestos.<\/p>\n<p>Dicha reducci\u00f3n presupuestaria, la inform\u00f3 la Direcci\u00f3n de Presupuestos (Dipres), a trav\u00e9s del decreto en cuesti\u00f3n (0962EE), el cual\u00a0<strong>indica una acortar\u00eda los recursos del programa de financiamiento\u00a0<\/strong>de los Gobiernos Regionales.<\/p>\n<p>Asimismo, el Gobierno modific\u00f3 el programa de Aporte Fiscal Libre y\u00a0<strong>aument\u00f3 en $1.415 millones<\/strong>\u00a0el presupuesto del Servicio de Gobierno Interior, que actualmente se encarga de las intendencias y que desde el 14 de julio ser\u00e1n reemplazadas por el delegado presidencial.<\/p>\n<p>Ante esto, el ministro de Hacienda, Rodrigo Cerda, asegur\u00f3 que se revirti\u00f3 dicho decreto.<\/p>\n<p>Patricio Vallesp\u00edn, gobernador regional electo de Los Lagos y tambi\u00e9n vocero de la Asociaci\u00f3n de Gobernadores Regionales, calific\u00f3 la decisi\u00f3n como correcta, se\u00f1alando que\u00a0<strong>reducir los recursos era un \u201cdesprop\u00f3sito\u201d.<\/strong><\/p>\n<p>Desde la Direcci\u00f3n de Presupuestos de Chile, se\u00f1alaron adem\u00e1s que se encuentran en pleno proceso de coordinaci\u00f3n presupuestaria para gobernaciones, y que, luego de ordenarse dar\u00e1n certeza de los recursos para cubrir otras necesidades.<\/p>\n<p>Asimismo, durante esta tarde,<strong>\u00a0informar\u00e1n si habr\u00e1 modificaciones a los presupuestos del Servicio de Gobierno Interior<\/strong>, es decir, de los delegados presidenciales.<\/p>\n","protected":false},"excerpt":{"rendered":"<p>El Gobierno\u00a0revirti\u00f3 el decreto que reduc\u00eda\u00a0el presupuesto a gobernadores regionales en casi\u00a0$660 mil millones,\u00a0esto, a dos d\u00edas de que se asuman cargos en los 16&hellip; <\/p>\n","protected":false},"author":2,"featured_media":34074,"comment_status":"open","ping_status":"closed","sticky":false,"template":"","format":"standard","meta":{"footnotes":""},"categories":[37],"tags":[],"class_list":["post-42098","post","type-post","status-publish","format-standard","has-post-thumbnail","hentry","category-nacional"],"_links":{"self":[{"href":"https:\/\/www.radioamigavallenar.cl\/index.php?rest_route=\/wp\/v2\/posts\/42098","targetHints":{"allow":["GET"]}}],"collection":[{"href":"https:\/\/www.radioamigavallenar.cl\/index.php?rest_route=\/wp\/v2\/posts"}],"about":[{"href":"https:\/\/www.radioamigavallenar.cl\/index.php?rest_route=\/wp\/v2\/types\/post"}],"author":[{"embeddable":true,"href":"https:\/\/www.radioamigavallenar.cl\/index.php?rest_route=\/wp\/v2\/users\/2"}],"replies":[{"embeddable":true,"href":"https:\/\/www.radioamigavallenar.cl\/index.php?rest_route=%2Fwp%2Fv2%2Fcomments&post=42098"}],"version-history":[{"count":1,"href":"https:\/\/www.radioamigavallenar.cl\/index.php?rest_route=\/wp\/v2\/posts\/42098\/revisions"}],"predecessor-version":[{"id":42099,"href":"https:\/\/www.radioamigavallenar.cl\/index.php?rest_route=\/wp\/v2\/posts\/42098\/revisions\/42099"}],"wp:featuredmedia":[{"embeddable":true,"href":"https:\/\/www.radioamigavallenar.cl\/index.php?rest_route=\/wp\/v2\/media\/34074"}],"wp:attachment":[{"href":"https:\/\/www.radioamigavallenar.cl\/index.php?rest_route=%2Fwp%2Fv2%2Fmedia&parent=42098"}],"wp:term":[{"taxonomy":"category","embeddable":true,"href":"https:\/\/www.radioamigavallenar.cl\/index.php?rest_route=%2Fwp%2Fv2%2Fcategories&post=42098"},{"taxonomy":"post_tag","embeddable":true,"href":"https:\/\/www.radioamigavallenar.cl\/index.php?rest_route=%2Fwp%2Fv2%2Ftags&post=42098"}],"curies":[{"name":"wp","href":"https:\/\/api.w.org\/{rel}","templated":true}]}}