{"id":42096,"date":"2021-07-13T07:00:46","date_gmt":"2021-07-13T11:00:46","guid":{"rendered":"https:\/\/www.radioamigavallenar.cl\/?p=42096"},"modified":"2021-07-12T22:58:14","modified_gmt":"2021-07-13T02:58:14","slug":"centro-de-negocios-vallenar-lanzara-la-academia-financiera-contable-para-los-emprendedores-y-emprendedoras-del-huasco","status":"publish","type":"post","link":"https:\/\/www.radioamigavallenar.cl\/?p=42096","title":{"rendered":"Centro de Negocios Vallenar lanzar\u00e1 la Academia Financiera Contable para los emprendedores y emprendedoras del Huasco"},"content":{"rendered":"<p>Un total de seis m\u00f3dulos, orientados a que el emprendedor adquiera competencias para la correcta administraci\u00f3n de su negocio, saber identificar los ingresos, costos y flujos de caja, junto con la planificaci\u00f3n de las obligaciones tributarias e impuestos, son parte de la \u201cAcademia Financiera Contable\u201d, liderada por el Centro de Negocios Sercotec Vallenar y que se realizar\u00e1 de manera online, desde este martes 13 de julio.<\/p>\n<p>\u201cHacemos un llamado a los emprendedores y emprendedoras, que quieran participar de esta academia gratuita, se registren directamente, a trav\u00e9s de nuestras redes sociales para recibir el link de conexi\u00f3n y ser part\u00edcipes de esta iniciativa, la que se realizar\u00e1 en su totalidad de manera remota\u201d, mencion\u00f3 Emma Schwarze Toro, Coordinadora Centro de Negocios Sercotec Vallenar.<\/p>\n<p>Para contactarse con el Centro de Negocios Sercotec Vallenar, puedes hacerlo a trav\u00e9s de diferentes v\u00edas: enviando un correo a <a href=\"mailto:yasna.carrizo@centrossercotec.cl\">yasna.carrizo@centrossercotec.cl<\/a>, llamando al n\u00famero 942916449, visitando la p\u00e1gina web <a href=\"https:\/\/bit.ly\/3d5forn\" data-saferedirecturl=\"https:\/\/www.google.com\/url?q=https:\/\/bit.ly\/3d5forn&amp;source=gmail&amp;ust=1626230512538000&amp;usg=AFQjCNHwokibgRI_LnuklGpX59p9ixcnlw\">https:\/\/bit.ly\/3d5forn<\/a> y las redes sociales Facebook Centro de Negocios Sercotec Vallenar o en el Instagram Centro Vallenar.<\/p>\n<p><strong>ACADEMIA<\/strong><\/p>\n<p>La Academia Financiera Contable comenzar\u00e1 este martes 13 de julio a las 15:30 horas, con la Charla online \u201c\u00bfC\u00f3mo Calcular el Precio?\u201d y continuar\u00e1 el jueves 15 de julio, con la Charla \u201cPrimer Flujo de Caja\u201d. La pr\u00f3xima semana corresponden los m\u00f3dulos \u201cOrdenemos los costos del negocio\u201d y \u201cContabilidad B\u00e1sica\u201d, que se realizar\u00e1n el 20 y 22 de julio, respectivamente.<\/p>\n<p>La \u00faltima semana de julio, se realizar\u00e1n las charlas \u201cPlanificaci\u00f3n Tributaria\u201d, el d\u00eda 27 de julio y \u201cFormulario 29 e Impuestos mensuales\u201d, el 29 de julio, de este modo, finalizar\u00e1 la Academia Financiera Contable, que capacitar\u00e1 a los emprendedores y emprendedoras del Huasco, instalando capacidades en los participantes, para una mejor toma de decisiones y competitividad de sus emprendimientos<\/p>\n","protected":false},"excerpt":{"rendered":"<p>Un total de seis m\u00f3dulos, orientados a que el emprendedor adquiera competencias para la correcta administraci\u00f3n de su negocio, saber identificar los ingresos, costos y&hellip; <\/p>\n","protected":false},"author":2,"featured_media":40854,"comment_status":"open","ping_status":"closed","sticky":false,"template":"","format":"standard","meta":{"footnotes":""},"categories":[7],"tags":[],"class_list":["post-42096","post","type-post","status-publish","format-standard","has-post-thumbnail","hentry","category-atacama"],"_links":{"self":[{"href":"https:\/\/www.radioamigavallenar.cl\/index.php?rest_route=\/wp\/v2\/posts\/42096","targetHints":{"allow":["GET"]}}],"collection":[{"href":"https:\/\/www.radioamigavallenar.cl\/index.php?rest_route=\/wp\/v2\/posts"}],"about":[{"href":"https:\/\/www.radioamigavallenar.cl\/index.php?rest_route=\/wp\/v2\/types\/post"}],"author":[{"embeddable":true,"href":"https:\/\/www.radioamigavallenar.cl\/index.php?rest_route=\/wp\/v2\/users\/2"}],"replies":[{"embeddable":true,"href":"https:\/\/www.radioamigavallenar.cl\/index.php?rest_route=%2Fwp%2Fv2%2Fcomments&post=42096"}],"version-history":[{"count":1,"href":"https:\/\/www.radioamigavallenar.cl\/index.php?rest_route=\/wp\/v2\/posts\/42096\/revisions"}],"predecessor-version":[{"id":42097,"href":"https:\/\/www.radioamigavallenar.cl\/index.php?rest_route=\/wp\/v2\/posts\/42096\/revisions\/42097"}],"wp:featuredmedia":[{"embeddable":true,"href":"https:\/\/www.radioamigavallenar.cl\/index.php?rest_route=\/wp\/v2\/media\/40854"}],"wp:attachment":[{"href":"https:\/\/www.radioamigavallenar.cl\/index.php?rest_route=%2Fwp%2Fv2%2Fmedia&parent=42096"}],"wp:term":[{"taxonomy":"category","embeddable":true,"href":"https:\/\/www.radioamigavallenar.cl\/index.php?rest_route=%2Fwp%2Fv2%2Fcategories&post=42096"},{"taxonomy":"post_tag","embeddable":true,"href":"https:\/\/www.radioamigavallenar.cl\/index.php?rest_route=%2Fwp%2Fv2%2Ftags&post=42096"}],"curies":[{"name":"wp","href":"https:\/\/api.w.org\/{rel}","templated":true}]}}