{"id":42092,"date":"2021-07-13T07:00:42","date_gmt":"2021-07-13T11:00:42","guid":{"rendered":"https:\/\/www.radioamigavallenar.cl\/?p=42092"},"modified":"2021-07-12T22:53:35","modified_gmt":"2021-07-13T02:53:35","slug":"freirina-destaca-entre-las-comunas-con-mayor-tasa-de-vacunados-contra-el-covid-19-en-atacama","status":"publish","type":"post","link":"https:\/\/www.radioamigavallenar.cl\/?p=42092","title":{"rendered":"Freirina destaca entre las comunas con mayor tasa de vacunados contra el covid-19 en atacama"},"content":{"rendered":"<p>Un llamado a ser parte del proceso de vacunaci\u00f3n contra el covid19 es el que est\u00e1 formulando el Centro de Salud Familiar \u201cPracticante Oscar Ruiz Toro\u201d a la comunidad de Freirina que a\u00fan no se ha inoculado, considerando que la vacuna es totalmente gratuita y el proceso en general es muy r\u00e1pido y accesible.<\/p>\n<p>A nivel regional, el principal recinto de salud de Freirina se ubica como uno de los mejores de Atacama en cobertura, alcanzando a la fecha un porcentaje del 94,3% en su primera dosis y un 81 % de la segunda dosis de la poblaci\u00f3n objetivo, de acuerdo al calendario de vacunaci\u00f3n entregado por la autoridad sanitaria.<\/p>\n<p>&nbsp;<\/p>\n<p>Jorge Mar\u00edn, enfermero a cargo del proceso de vacunaci\u00f3n se\u00f1al\u00f3 que \u201cestamos llevando tres procesos de vacunaci\u00f3n: el covid19, influenza y sarampi\u00f3n. La alta tasa de vacunaci\u00f3n nos deja bastante contentos, ya que son cifras alentadoras, ya que la poblaci\u00f3n, a trav\u00e9s de esta vacuna puede alcanzar mayor protecci\u00f3n, tanto propia, como la de su entorno familiar\u201d.<\/p>\n<p>Al respecto el Director del Cesfam Gonzalo Opazo \u00c1lvarez, valor\u00f3 el trabajo que ha realizado el equipo de salud, ya que \u201cEstos procesos requieren de una planificaci\u00f3n y despliegue de recursos importantes que se deben complementar con el resto de las acciones de salud que debemos realizar. Felizmente la comunidad ha acudido al llamado de vacunarse, lo que sugiere la posibilidad de estar mejor protegidos frente a eventuales contagios, disminuyendo el riesgo de agudizar la enfermedad asociada al covid19, por lo tanto riesgo de hospitalizaci\u00f3n o de muerte\u201d.<\/p>\n<p>Por otra parte, Opazo \u00c1lvarez, respecto del Plan Paso a Paso y la modificaci\u00f3n del toque de queda, asegur\u00f3 que \u201cpara que nuestra comuna se adapte al nuevo horario del toque de queda, es la regi\u00f3n completa la que debe superar el 80 por ciento de vacunados. Como Director aprovecho esta instancia de agradecer a todos aquellos vecinos y vecinas que voluntariamente se han vacunado aportando as\u00ed, a superar este triste momento que vivimos como regi\u00f3n y pa\u00eds\u201d.<\/p>\n<p>&nbsp;<\/p>\n<p><strong>INFLUENZA<\/strong><\/p>\n<p>&nbsp;<\/p>\n<p>Respecto a la vacuna de la influenza, los datos que entreg\u00f3 el recinto de salud de Freirina, dan cuenta que un 70 % de la poblaci\u00f3n objetivo ya est\u00e1 inoculada, aunque el llamado a vacunarse es sobre todo a la poblaci\u00f3n de personas con patolog\u00edas cr\u00f3nicas para que accedan lo antes posible a esta vacuna.<\/p>\n<p>Finalmente cabe mencionar que el equipo del Cesfam est\u00e1 planificando un \u201cbarrido poblacional\u201d respecto de la vacuna de la influenza para el pr\u00f3ximo s\u00e1bado 24 de julio en toda la comuna, operativo destinado a la poblaci\u00f3n objetiva: adultos mayores, enfermos cr\u00f3nicos, embarazadas,\u00a0 ni\u00f1os y ni\u00f1as desde los 6 meses hasta quinto b\u00e1sico, entre otros grupos de riesgo. Adem\u00e1s, ese mismo d\u00eda, en las dependencias del Centro de Salud, habr\u00e1 un punto de vacunaci\u00f3n Covid19 para rezagados.<\/p>\n","protected":false},"excerpt":{"rendered":"<p>Un llamado a ser parte del proceso de vacunaci\u00f3n contra el covid19 es el que est\u00e1 formulando el Centro de Salud Familiar \u201cPracticante Oscar Ruiz&hellip; <\/p>\n","protected":false},"author":2,"featured_media":42093,"comment_status":"open","ping_status":"closed","sticky":false,"template":"","format":"standard","meta":{"footnotes":""},"categories":[7],"tags":[],"class_list":["post-42092","post","type-post","status-publish","format-standard","has-post-thumbnail","hentry","category-atacama"],"_links":{"self":[{"href":"https:\/\/www.radioamigavallenar.cl\/index.php?rest_route=\/wp\/v2\/posts\/42092","targetHints":{"allow":["GET"]}}],"collection":[{"href":"https:\/\/www.radioamigavallenar.cl\/index.php?rest_route=\/wp\/v2\/posts"}],"about":[{"href":"https:\/\/www.radioamigavallenar.cl\/index.php?rest_route=\/wp\/v2\/types\/post"}],"author":[{"embeddable":true,"href":"https:\/\/www.radioamigavallenar.cl\/index.php?rest_route=\/wp\/v2\/users\/2"}],"replies":[{"embeddable":true,"href":"https:\/\/www.radioamigavallenar.cl\/index.php?rest_route=%2Fwp%2Fv2%2Fcomments&post=42092"}],"version-history":[{"count":1,"href":"https:\/\/www.radioamigavallenar.cl\/index.php?rest_route=\/wp\/v2\/posts\/42092\/revisions"}],"predecessor-version":[{"id":42094,"href":"https:\/\/www.radioamigavallenar.cl\/index.php?rest_route=\/wp\/v2\/posts\/42092\/revisions\/42094"}],"wp:featuredmedia":[{"embeddable":true,"href":"https:\/\/www.radioamigavallenar.cl\/index.php?rest_route=\/wp\/v2\/media\/42093"}],"wp:attachment":[{"href":"https:\/\/www.radioamigavallenar.cl\/index.php?rest_route=%2Fwp%2Fv2%2Fmedia&parent=42092"}],"wp:term":[{"taxonomy":"category","embeddable":true,"href":"https:\/\/www.radioamigavallenar.cl\/index.php?rest_route=%2Fwp%2Fv2%2Fcategories&post=42092"},{"taxonomy":"post_tag","embeddable":true,"href":"https:\/\/www.radioamigavallenar.cl\/index.php?rest_route=%2Fwp%2Fv2%2Ftags&post=42092"}],"curies":[{"name":"wp","href":"https:\/\/api.w.org\/{rel}","templated":true}]}}