{"id":42090,"date":"2021-07-12T14:12:12","date_gmt":"2021-07-12T18:12:12","guid":{"rendered":"https:\/\/www.radioamigavallenar.cl\/?p=42090"},"modified":"2021-07-12T14:12:12","modified_gmt":"2021-07-12T18:12:12","slug":"entel-realizara-inversiones-en-su-red-4g-en-atacama-por-un-monto-de-us15-millones","status":"publish","type":"post","link":"https:\/\/www.radioamigavallenar.cl\/?p=42090","title":{"rendered":"Entel realizar\u00e1 inversiones en su red 4G en Atacama por un monto de US$1,5 millones"},"content":{"rendered":"<div class=\"mvp-post-soc-wrap left relative\">\n<p><strong>La empresa de tecnolog\u00eda y telecomunicaciones inform\u00f3 que contempla realizar inversiones adicionales en su red 4G, lo que le permitir\u00e1 habilitar y mejorar la red en zonas rurales, desplegar nuevas torres y avanzar en el crecimiento de su red de fibra \u00f3ptica, adem\u00e1s de robustecer una infraestructura que ser\u00e1 fundamental para la primera etapa de despliegue de la red 5G.<\/strong><\/p>\n<\/div>\n<div class=\"mvp-post-soc-in\">\n<div id=\"mvp-content-body\" class=\"left relative\">\n<div id=\"mvp-content-body-top\" class=\"left relative\">\n<div id=\"mvp-content-main\" class=\"left relative\">\n<p>&nbsp;<\/p>\n<p>La contingencia sanitaria relev\u00f3 la necesidad de contar con conectividad de calidad, tanto para el teletrabajo, la educaci\u00f3n a distancia o los tr\u00e1mites online, tendencia que desaf\u00eda a las empresas de telecomunicaciones a continuar invirtiendo y desarrollando su infraestructura de 4G.<\/p>\n<p>En esa l\u00ednea, Entel inform\u00f3 los detalles de un importante plan para robustecer su red 4G a nivel nacional, lo que le permitir\u00e1 habilitar y mejorar la red en zonas rurales, desplegar nuevas torres y avanzar en el crecimiento de su red de fibra \u00f3ptica.<\/p>\n<p>Uno de los principales activos de Entel para consolidarse como l\u00edder de la industria ha sido un desarrollo temprano y robusto de su red 4G+, lo que sumado a una atractiva oferta comercial, le ha permitido duplicar la cantidad de clientes que usan esta tecnolog\u00eda en los \u00faltimos cuatro a\u00f1os, brindando servicios a m\u00e1s de 6,5 millones de usuarios, con una participaci\u00f3n de mercado de 34,5%.<\/p>\n<p>Ahora Entel anunci\u00f3 que ir\u00e1n un paso m\u00e1s all\u00e1, con inversiones adicionales por US$60 millones en 2021, de los cuales US$ 1,5 millones se invertir\u00e1n en la Regi\u00f3n de Atacama. Seg\u00fan lo informado por la empresa, la red 4G de Entel en la regi\u00f3n creci\u00f3\u00a0 m\u00e1s de un 115% en los \u00faltimos 4 a\u00f1os. Esto explica que, al analizar la evoluci\u00f3n de usuarios 4G, se observe un aumento sostenido desde 2017, pasando de56.394 a 115.198 en 2020.<\/p>\n<p>\u00bfY por qu\u00e9 esto estas inversiones adicionales?<\/p>\n<p>El gerente de Regulaci\u00f3n y Asuntos Corporativos de Entel, Manuel Araya, explic\u00f3 que, sobre todo en la primera etapa, se usar\u00e1 la infraestructura existente para instalar las futuras celdas 5G. \u201cContamos con la red 4G m\u00e1s robusta y moderna del pa\u00eds, gracias a que duplicamos la cantidad de estaciones en los \u00faltimos cuatro a\u00f1os a nivel pa\u00eds, lo que nos asegura una gran capilaridad inicial para el pr\u00f3ximo despliegue de la red de quinta generaci\u00f3n. Es por eso que este a\u00f1o continuaremos reforzando esta red en la Regi\u00f3n de Atacama y en todo el pa\u00eds, lo que nos permitir\u00e1 llegar con 5G a distintos puntos del territorio nacional en un futuro\u201d.<\/p>\n<p>Adem\u00e1s, la empresa ha invertido en los \u00faltimos a\u00f1os alrededor de US$ 270 millones en conectividad m\u00f3vil rural. Durante 2020 este despliegue continu\u00f3 con proyectos como el uso de la Fibra \u00d3ptica Austral para mejorar la conectividad 4G en localidades como Caleta Tortel y Puerto Williams, y aumentos de capacidad en Rapa Nui.<\/p>\n<p>Pero como a\u00fan queda por avanzar en materia de conectividad, tanto en cobertura como calidad, Entel se encuentra avanzando en el despliegue de su red de fibra \u00f3ptica y conexi\u00f3n de clientes, con una inversi\u00f3n para este a\u00f1o cercana a los US$110 millones, y con el objetivo de completar cerca de un mill\u00f3n y medio de hogares con cobertura de esta tecnolog\u00eda para fines de 2023. Esta infraestructura tambi\u00e9n ser\u00e1 fundamental para la correcta implementaci\u00f3n del futuro 5G.<\/p>\n<\/div>\n<\/div>\n<\/div>\n<\/div>\n","protected":false},"excerpt":{"rendered":"<p>La empresa de tecnolog\u00eda y telecomunicaciones inform\u00f3 que contempla realizar inversiones adicionales en su red 4G, lo que le permitir\u00e1 habilitar y mejorar la red&hellip; <\/p>\n","protected":false},"author":2,"featured_media":19665,"comment_status":"open","ping_status":"closed","sticky":false,"template":"","format":"standard","meta":{"footnotes":""},"categories":[37],"tags":[],"class_list":["post-42090","post","type-post","status-publish","format-standard","has-post-thumbnail","hentry","category-nacional"],"_links":{"self":[{"href":"https:\/\/www.radioamigavallenar.cl\/index.php?rest_route=\/wp\/v2\/posts\/42090","targetHints":{"allow":["GET"]}}],"collection":[{"href":"https:\/\/www.radioamigavallenar.cl\/index.php?rest_route=\/wp\/v2\/posts"}],"about":[{"href":"https:\/\/www.radioamigavallenar.cl\/index.php?rest_route=\/wp\/v2\/types\/post"}],"author":[{"embeddable":true,"href":"https:\/\/www.radioamigavallenar.cl\/index.php?rest_route=\/wp\/v2\/users\/2"}],"replies":[{"embeddable":true,"href":"https:\/\/www.radioamigavallenar.cl\/index.php?rest_route=%2Fwp%2Fv2%2Fcomments&post=42090"}],"version-history":[{"count":1,"href":"https:\/\/www.radioamigavallenar.cl\/index.php?rest_route=\/wp\/v2\/posts\/42090\/revisions"}],"predecessor-version":[{"id":42091,"href":"https:\/\/www.radioamigavallenar.cl\/index.php?rest_route=\/wp\/v2\/posts\/42090\/revisions\/42091"}],"wp:featuredmedia":[{"embeddable":true,"href":"https:\/\/www.radioamigavallenar.cl\/index.php?rest_route=\/wp\/v2\/media\/19665"}],"wp:attachment":[{"href":"https:\/\/www.radioamigavallenar.cl\/index.php?rest_route=%2Fwp%2Fv2%2Fmedia&parent=42090"}],"wp:term":[{"taxonomy":"category","embeddable":true,"href":"https:\/\/www.radioamigavallenar.cl\/index.php?rest_route=%2Fwp%2Fv2%2Fcategories&post=42090"},{"taxonomy":"post_tag","embeddable":true,"href":"https:\/\/www.radioamigavallenar.cl\/index.php?rest_route=%2Fwp%2Fv2%2Ftags&post=42090"}],"curies":[{"name":"wp","href":"https:\/\/api.w.org\/{rel}","templated":true}]}}