{"id":42087,"date":"2021-07-12T14:03:20","date_gmt":"2021-07-12T18:03:20","guid":{"rendered":"https:\/\/www.radioamigavallenar.cl\/?p=42087"},"modified":"2021-07-12T14:03:20","modified_gmt":"2021-07-12T18:03:20","slug":"plan-paso-a-paso-del-gobierno-huasco-avanza-a-preparacion-y-tierra-amarilla-a-cuarentena","status":"publish","type":"post","link":"https:\/\/www.radioamigavallenar.cl\/?p=42087","title":{"rendered":"Plan paso a paso del gobierno: huasco avanza a \u00abpreparaci\u00f3n\u00bb y tierra amarilla a \u00abcuarentena\u00bb"},"content":{"rendered":"<p>Todos los cambios a contar del jueves 15 de julio a las 05 am.<span id=\"more-261113\"><\/span><\/p>\n<p>El\u00a0Ministerio de Salud\u00a0anunci\u00f3 este lunes nuevos cambios en 51 comunas del pa\u00eds en el\u00a0marco del Plan Paso a Paso, modificaciones que regir\u00e1n desde este jueves 15 de julio a las 05:00 horas, as\u00ed lo indic\u00f3 la subsecretaria de Salud P\u00fablica, Paula Daza, donde 45 zonas avanzar\u00e1n de fase y otras tantas retroceder\u00e1n desde el d\u00eda jueves.<\/p>\n<p>En Atacama, las novedades fueron las siguientes:<\/p>\n<ul>\n<li>Tierra Amarilla, retrocede a Cuarentena<\/li>\n<li>Huasco avanza a\u00a0 preparaci\u00f3n.<\/li>\n<\/ul>\n<p>Igualmente, se inform\u00f3 la extensi\u00f3n del cierre de fronteras hasta el 25 de julio bajo las condiciones que rigen actualmente.<\/p>\n","protected":false},"excerpt":{"rendered":"<p>Todos los cambios a contar del jueves 15 de julio a las 05 am. El\u00a0Ministerio de Salud\u00a0anunci\u00f3 este lunes nuevos cambios en 51 comunas del&hellip; <\/p>\n","protected":false},"author":2,"featured_media":42088,"comment_status":"open","ping_status":"closed","sticky":false,"template":"","format":"standard","meta":{"footnotes":""},"categories":[38],"tags":[],"class_list":["post-42087","post","type-post","status-publish","format-standard","has-post-thumbnail","hentry","category-portada-regional"],"_links":{"self":[{"href":"https:\/\/www.radioamigavallenar.cl\/index.php?rest_route=\/wp\/v2\/posts\/42087","targetHints":{"allow":["GET"]}}],"collection":[{"href":"https:\/\/www.radioamigavallenar.cl\/index.php?rest_route=\/wp\/v2\/posts"}],"about":[{"href":"https:\/\/www.radioamigavallenar.cl\/index.php?rest_route=\/wp\/v2\/types\/post"}],"author":[{"embeddable":true,"href":"https:\/\/www.radioamigavallenar.cl\/index.php?rest_route=\/wp\/v2\/users\/2"}],"replies":[{"embeddable":true,"href":"https:\/\/www.radioamigavallenar.cl\/index.php?rest_route=%2Fwp%2Fv2%2Fcomments&post=42087"}],"version-history":[{"count":1,"href":"https:\/\/www.radioamigavallenar.cl\/index.php?rest_route=\/wp\/v2\/posts\/42087\/revisions"}],"predecessor-version":[{"id":42089,"href":"https:\/\/www.radioamigavallenar.cl\/index.php?rest_route=\/wp\/v2\/posts\/42087\/revisions\/42089"}],"wp:featuredmedia":[{"embeddable":true,"href":"https:\/\/www.radioamigavallenar.cl\/index.php?rest_route=\/wp\/v2\/media\/42088"}],"wp:attachment":[{"href":"https:\/\/www.radioamigavallenar.cl\/index.php?rest_route=%2Fwp%2Fv2%2Fmedia&parent=42087"}],"wp:term":[{"taxonomy":"category","embeddable":true,"href":"https:\/\/www.radioamigavallenar.cl\/index.php?rest_route=%2Fwp%2Fv2%2Fcategories&post=42087"},{"taxonomy":"post_tag","embeddable":true,"href":"https:\/\/www.radioamigavallenar.cl\/index.php?rest_route=%2Fwp%2Fv2%2Ftags&post=42087"}],"curies":[{"name":"wp","href":"https:\/\/api.w.org\/{rel}","templated":true}]}}