{"id":42084,"date":"2021-07-12T13:49:37","date_gmt":"2021-07-12T17:49:37","guid":{"rendered":"https:\/\/www.radioamigavallenar.cl\/?p=42084"},"modified":"2021-07-12T13:49:37","modified_gmt":"2021-07-12T17:49:37","slug":"minera-lumina-copper-chile-invita-a-postular-a-sus-cursos-de-capacitacion-2021","status":"publish","type":"post","link":"https:\/\/www.radioamigavallenar.cl\/?p=42084","title":{"rendered":"Minera Lumina Copper Chile invita a postular a sus cursos de capacitaci\u00f3n 2021"},"content":{"rendered":"<p>Con el objetivo de entregar nuevas herramientas para mejorar las competenciaslaboralesdevecinos y vecinas de la comuna de Tierra Amarilla,Caserones de Minera Lumina Copper Chileabri\u00f3 el proceso de postulaci\u00f3n a su Programa de Apoyo en Seguridad y Empleabilidad, PASE.<\/p>\n<p>La iniciativa, con \u00e9nfasis en quienes viven en localidades rurales del valle,\u00a0comenzar\u00e1 este a\u00f1o con los cursos T\u00e9cnicas de Computaci\u00f3n B\u00e1sica y Supervisor de Guardia de Seguridad, los que ser\u00e1n desarrollados a distancia debido a la pandemia por Covid-19.<\/p>\n<p>\u201cEl programa de capacitaci\u00f3n digital busca apoyar a la comunidad entregando nuevas competencias desde la seguridad de sus casas, debido al complejo contexto sanitario\u201d, indic\u00f3 la Caserones.<\/p>\n<p>Los interesados podr\u00e1n postular entre el 12 y 30 de julio, a trav\u00e9s de la p\u00e1gina www.caserones.cl\/capacitacion, y quienes accedan a estas capacitaciones recibir\u00e1n como beneficio una tablet con los contenidos de los talleres digitales.<\/p>\n<p>Elprograma de capacitaci\u00f3n de la compa\u00f1\u00eda tambi\u00e9n tiene contemplado otros cursos para este a\u00f1o, los que est\u00e1n siendo analizados teniendo presentes las medidas sanitarias contra el Covid-19, y que ser\u00e1n ejecutados a trav\u00e9s de la OTIC Proforma, bajo c\u00f3digo SENCE.<\/p>\n","protected":false},"excerpt":{"rendered":"<p>Con el objetivo de entregar nuevas herramientas para mejorar las competenciaslaboralesdevecinos y vecinas de la comuna de Tierra Amarilla,Caserones de Minera Lumina Copper Chileabri\u00f3 el&hellip; <\/p>\n","protected":false},"author":2,"featured_media":42085,"comment_status":"open","ping_status":"closed","sticky":false,"template":"","format":"standard","meta":{"footnotes":""},"categories":[7],"tags":[],"class_list":["post-42084","post","type-post","status-publish","format-standard","has-post-thumbnail","hentry","category-atacama"],"_links":{"self":[{"href":"https:\/\/www.radioamigavallenar.cl\/index.php?rest_route=\/wp\/v2\/posts\/42084","targetHints":{"allow":["GET"]}}],"collection":[{"href":"https:\/\/www.radioamigavallenar.cl\/index.php?rest_route=\/wp\/v2\/posts"}],"about":[{"href":"https:\/\/www.radioamigavallenar.cl\/index.php?rest_route=\/wp\/v2\/types\/post"}],"author":[{"embeddable":true,"href":"https:\/\/www.radioamigavallenar.cl\/index.php?rest_route=\/wp\/v2\/users\/2"}],"replies":[{"embeddable":true,"href":"https:\/\/www.radioamigavallenar.cl\/index.php?rest_route=%2Fwp%2Fv2%2Fcomments&post=42084"}],"version-history":[{"count":1,"href":"https:\/\/www.radioamigavallenar.cl\/index.php?rest_route=\/wp\/v2\/posts\/42084\/revisions"}],"predecessor-version":[{"id":42086,"href":"https:\/\/www.radioamigavallenar.cl\/index.php?rest_route=\/wp\/v2\/posts\/42084\/revisions\/42086"}],"wp:featuredmedia":[{"embeddable":true,"href":"https:\/\/www.radioamigavallenar.cl\/index.php?rest_route=\/wp\/v2\/media\/42085"}],"wp:attachment":[{"href":"https:\/\/www.radioamigavallenar.cl\/index.php?rest_route=%2Fwp%2Fv2%2Fmedia&parent=42084"}],"wp:term":[{"taxonomy":"category","embeddable":true,"href":"https:\/\/www.radioamigavallenar.cl\/index.php?rest_route=%2Fwp%2Fv2%2Fcategories&post=42084"},{"taxonomy":"post_tag","embeddable":true,"href":"https:\/\/www.radioamigavallenar.cl\/index.php?rest_route=%2Fwp%2Fv2%2Ftags&post=42084"}],"curies":[{"name":"wp","href":"https:\/\/api.w.org\/{rel}","templated":true}]}}