{"id":42082,"date":"2021-07-12T13:45:17","date_gmt":"2021-07-12T17:45:17","guid":{"rendered":"https:\/\/www.radioamigavallenar.cl\/?p=42082"},"modified":"2021-07-12T13:45:17","modified_gmt":"2021-07-12T17:45:17","slug":"de-chanaral-requiere-contratar-a-asistente-administrativo","status":"publish","type":"post","link":"https:\/\/www.radioamigavallenar.cl\/?p=42082","title":{"rendered":"DE CHA\u00d1ARAL REQUIERE CONTRATAR A ASISTENTE ADMINISTRATIVO"},"content":{"rendered":"<p style=\"font-weight: 400;\"><em>La Polic\u00eda de Investigaciones abri\u00f3 un nuevo concurso al cargo de Asistente Administrativo para la\u00a0<\/em><em>Provincia de Cha\u00f1aral<\/em><em>\u00a0y que estar\u00e1 vigente hasta el 1<\/em><em>5<\/em><em>\u00a0de ju<\/em><em>l<\/em><em>io. Para postular<\/em>, los interesados deber\u00e1n enviar los antecedentes obligatorios de postulaci\u00f3n, en formato PDF, al mail\u00a0<a href=\"mailto:postulaciones@investigaciones.cl\">postulaciones@investigaciones.cl<\/a>, indicando en el asunto del correo el c\u00f3digo del cargo AADATMCH\u00d1-01, de lo contrario su postulaci\u00f3n no ser\u00e1 considerada.<\/p>\n<p style=\"font-weight: 400;\">\n<p style=\"font-weight: 400;\">Los antecedentes obligatorios para postular son: curr\u00edculo, fotocopia de la c\u00e9dula de identidad por ambos lados y certificado de t\u00edtulo. Postulantes que no adjunten la documentaci\u00f3n obligatoria solicitada ser\u00e1n considerados no admisibles en el proceso.<\/p>\n<p style=\"font-weight: 400;\">\n<p style=\"font-weight: 400;\">Los postulantes que presenten alguna discapacidad que les produzca impedimento o dificultades en la aplicaci\u00f3n de los instrumentos de selecci\u00f3n que se administrar\u00e1n, deber\u00e1n informarlo en su postulaci\u00f3n, para adoptar las medidas pertinentes, de manera de garantizar la igualdad de condiciones a todos los postulantes que se presenten a este proceso.<\/p>\n<p style=\"font-weight: 400;\">\n<p style=\"font-weight: 400;\">En relaci\u00f3n al perfil de cargo, la persona seleccionada deber\u00e1 recepcionar, despachar y confeccionar documentos varios de la Unidad. Transcribir, editar, registrar, distribuir, archivar y resguardar los documentos que se le encomienden.\u00a0 Dar atenci\u00f3n al personal institucional y p\u00fablico general. Realizar labores de fotocopiado. Participar en diferentes actividades y reuniones que sean designadas por el Jefe Directo. Realizar funciones encomendadas por la jefatura.<\/p>\n<p style=\"font-weight: 400;\"><em>\u00a0<\/em><\/p>\n<p style=\"font-weight: 400;\"><em>Para obtener m\u00e1s informaci\u00f3n sobre este cargo, los interesados pueden visitar el siguiente enlace<\/em><em>\u00a0<a href=\"https:\/\/www.pdichile.cl\/instituci%C3%B3n\/trabaja-con-nosotros\" data-saferedirecturl=\"https:\/\/www.google.com\/url?q=https:\/\/www.pdichile.cl\/instituci%25C3%25B3n\/trabaja-con-nosotros&amp;source=gmail&amp;ust=1626197821870000&amp;usg=AFQjCNEkT0qSpi30qYOp0Ux32kl7TyrLNQ\">https:\/\/www.pdichile.cl\/instituci%C3%B3n\/trabaja-con-nosotros<\/a><\/em><\/p>\n","protected":false},"excerpt":{"rendered":"<p>La Polic\u00eda de Investigaciones abri\u00f3 un nuevo concurso al cargo de Asistente Administrativo para la\u00a0Provincia de Cha\u00f1aral\u00a0y que estar\u00e1 vigente hasta el 15\u00a0de julio. Para&hellip; <\/p>\n","protected":false},"author":2,"featured_media":26125,"comment_status":"open","ping_status":"closed","sticky":false,"template":"","format":"standard","meta":{"footnotes":""},"categories":[7],"tags":[],"class_list":["post-42082","post","type-post","status-publish","format-standard","has-post-thumbnail","hentry","category-atacama"],"_links":{"self":[{"href":"https:\/\/www.radioamigavallenar.cl\/index.php?rest_route=\/wp\/v2\/posts\/42082","targetHints":{"allow":["GET"]}}],"collection":[{"href":"https:\/\/www.radioamigavallenar.cl\/index.php?rest_route=\/wp\/v2\/posts"}],"about":[{"href":"https:\/\/www.radioamigavallenar.cl\/index.php?rest_route=\/wp\/v2\/types\/post"}],"author":[{"embeddable":true,"href":"https:\/\/www.radioamigavallenar.cl\/index.php?rest_route=\/wp\/v2\/users\/2"}],"replies":[{"embeddable":true,"href":"https:\/\/www.radioamigavallenar.cl\/index.php?rest_route=%2Fwp%2Fv2%2Fcomments&post=42082"}],"version-history":[{"count":1,"href":"https:\/\/www.radioamigavallenar.cl\/index.php?rest_route=\/wp\/v2\/posts\/42082\/revisions"}],"predecessor-version":[{"id":42083,"href":"https:\/\/www.radioamigavallenar.cl\/index.php?rest_route=\/wp\/v2\/posts\/42082\/revisions\/42083"}],"wp:featuredmedia":[{"embeddable":true,"href":"https:\/\/www.radioamigavallenar.cl\/index.php?rest_route=\/wp\/v2\/media\/26125"}],"wp:attachment":[{"href":"https:\/\/www.radioamigavallenar.cl\/index.php?rest_route=%2Fwp%2Fv2%2Fmedia&parent=42082"}],"wp:term":[{"taxonomy":"category","embeddable":true,"href":"https:\/\/www.radioamigavallenar.cl\/index.php?rest_route=%2Fwp%2Fv2%2Fcategories&post=42082"},{"taxonomy":"post_tag","embeddable":true,"href":"https:\/\/www.radioamigavallenar.cl\/index.php?rest_route=%2Fwp%2Fv2%2Ftags&post=42082"}],"curies":[{"name":"wp","href":"https:\/\/api.w.org\/{rel}","templated":true}]}}