{"id":42079,"date":"2021-07-12T09:34:59","date_gmt":"2021-07-12T13:34:59","guid":{"rendered":"https:\/\/www.radioamigavallenar.cl\/?p=42079"},"modified":"2021-07-12T09:34:59","modified_gmt":"2021-07-12T13:34:59","slug":"ajuste-presupuestario-sepulta-tradicional-celebracion-en-la-pampilla-en-coquimbo","status":"publish","type":"post","link":"https:\/\/www.radioamigavallenar.cl\/?p=42079","title":{"rendered":"Ajuste presupuestario sepulta tradicional celebraci\u00f3n en la Pampilla en Coquimbo"},"content":{"rendered":"<p>Este viernes, se confirm\u00f3 que <strong>recursos que se hab\u00edan presupuestado para la tradicional Fiesta de la Pampilla, en la comuna de Coquimbo, fueron redireccionados a otro \u00edtem por temas sanitarios.<\/strong><\/p>\n<p>La modificaci\u00f3n presupuestaria, aprobada ayer por concejales de la capital regional, se realiz\u00f3 con el objetivo de firmar un contrato directo para la <strong>recolecci\u00f3n de residuos domiciliarios<\/strong>. De esta forma, la celebraci\u00f3n no contar\u00e1 con los $900 millones que se ten\u00edan en carpeta.<\/p>\n<p>Si bien el municipio no ha suspendido la celebraci\u00f3n de Fiestas Patrias en la Pampilla, se dificulta en gran medida su realizaci\u00f3n al no contar con recursos disponibles.<\/p>\n<p>Esta situaci\u00f3n se ve intensificada por la <strong>apremiante situaci\u00f3n econ\u00f3mica que atraviesa Coquimbo<\/strong>, que ha obligado al nuevo alcalde, Al\u00ed Manoucheri, a tomar una serie de medidas para rebajar gastos y poder comenzar a disminuir una deuda del orden de los $30.000 millones.<\/p>\n<div id=\"300x250_noticias_2_esc_4989987\" data-google-query-id=\"CPbHirXQ3fECFW0DuQYd3NIFFA\">\n<div id=\"google_ads_iframe_\/1098385\/300x250_noticias_2_esc_0__container__\"><\/div>\n<\/div>\n<p>Durante la votaci\u00f3n de la mencionada modificaci\u00f3n presupuestaria, los concejales no hicieron ninguna referencia a la suspensi\u00f3n de la Fiesta de la Pampilla al quedarse sin presupuesto, excepto Camilo Ruiz, quien indic\u00f3 que \u201csoy de la idea que no se realice La Pampilla y de ah\u00ed se pueda utilizar (los recursos)\u201d.<\/p>\n<p>El concejal Guido Hern\u00e1ndez reconoci\u00f3 que con la modificaci\u00f3n presupuestaria <strong>\u201cno se va a hacer, a menos que sea una Pampilla distinta, aunque tampoco s\u00e9 si las condiciones sanitarias est\u00e1n<\/strong>. Siento que no est\u00e1n dadas, pero si estuviesen, entiendo que lo que se busca es ir avanzando en una Pampilla distinta, autogestionada y que no genere gastos sino que beneficios\u201d.<\/p>\n","protected":false},"excerpt":{"rendered":"<p>Este viernes, se confirm\u00f3 que recursos que se hab\u00edan presupuestado para la tradicional Fiesta de la Pampilla, en la comuna de Coquimbo, fueron redireccionados a&hellip; <\/p>\n","protected":false},"author":2,"featured_media":42080,"comment_status":"open","ping_status":"closed","sticky":false,"template":"","format":"standard","meta":{"footnotes":""},"categories":[37],"tags":[],"class_list":["post-42079","post","type-post","status-publish","format-standard","has-post-thumbnail","hentry","category-nacional"],"_links":{"self":[{"href":"https:\/\/www.radioamigavallenar.cl\/index.php?rest_route=\/wp\/v2\/posts\/42079","targetHints":{"allow":["GET"]}}],"collection":[{"href":"https:\/\/www.radioamigavallenar.cl\/index.php?rest_route=\/wp\/v2\/posts"}],"about":[{"href":"https:\/\/www.radioamigavallenar.cl\/index.php?rest_route=\/wp\/v2\/types\/post"}],"author":[{"embeddable":true,"href":"https:\/\/www.radioamigavallenar.cl\/index.php?rest_route=\/wp\/v2\/users\/2"}],"replies":[{"embeddable":true,"href":"https:\/\/www.radioamigavallenar.cl\/index.php?rest_route=%2Fwp%2Fv2%2Fcomments&post=42079"}],"version-history":[{"count":1,"href":"https:\/\/www.radioamigavallenar.cl\/index.php?rest_route=\/wp\/v2\/posts\/42079\/revisions"}],"predecessor-version":[{"id":42081,"href":"https:\/\/www.radioamigavallenar.cl\/index.php?rest_route=\/wp\/v2\/posts\/42079\/revisions\/42081"}],"wp:featuredmedia":[{"embeddable":true,"href":"https:\/\/www.radioamigavallenar.cl\/index.php?rest_route=\/wp\/v2\/media\/42080"}],"wp:attachment":[{"href":"https:\/\/www.radioamigavallenar.cl\/index.php?rest_route=%2Fwp%2Fv2%2Fmedia&parent=42079"}],"wp:term":[{"taxonomy":"category","embeddable":true,"href":"https:\/\/www.radioamigavallenar.cl\/index.php?rest_route=%2Fwp%2Fv2%2Fcategories&post=42079"},{"taxonomy":"post_tag","embeddable":true,"href":"https:\/\/www.radioamigavallenar.cl\/index.php?rest_route=%2Fwp%2Fv2%2Ftags&post=42079"}],"curies":[{"name":"wp","href":"https:\/\/api.w.org\/{rel}","templated":true}]}}