{"id":42077,"date":"2021-07-12T09:21:30","date_gmt":"2021-07-12T13:21:30","guid":{"rendered":"https:\/\/www.radioamigavallenar.cl\/?p=42077"},"modified":"2021-07-12T09:21:30","modified_gmt":"2021-07-12T13:21:30","slug":"mantienen-alerta-temprana-para-cuatro-comunas-de-atacama-por-nevadas-y-vientos-en-cordillera","status":"publish","type":"post","link":"https:\/\/www.radioamigavallenar.cl\/?p=42077","title":{"rendered":"MantieneN Alerta Temprana para cuatro comunas de Atacama por nevadas y vientos en Cordillera"},"content":{"rendered":"<p>De acuerdo con la informaci\u00f3n proporcionada por la Direcci\u00f3n Meteorol\u00f3gica de Chile (DMC), mediante su Aviso Meteorol\u00f3gico CNA A175\/2021 emitido en las \u00faltimas horas,\u00a0 y se prev\u00e9 la ocurrencia de nevadas de intensidad normal a moderada entre hoy y ma\u00f1ana martes 13 de julio, en el sector cordillerano de la Regi\u00f3n de Atacama.<\/p>\n<p>Adicionalmente, la DMC en su Aviso Meteorol\u00f3gico CNA A174\/2021, pronostica viento normal a moderado en la cordillera de la regi\u00f3n, entre hoy lunes y este mi\u00e9rcoles 14 de julio. Cabe se\u00f1alar, que esta condici\u00f3n es propicia para la ocurrencia de ventiscas.<\/p>\n<p>En consideraci\u00f3n a lo anterior, que supone un aumento del riesgo asociado a estas variables meteorol\u00f3gicas, la Direcci\u00f3n Regional de ONEMI Atacama\u00a0declara Alerta Temprana Preventiva\u00a0para las comunas de <strong>Diego de Almagro, Copiap\u00f3, Tierra Amarilla y Alto del Carmen<\/strong>, por evento meteorol\u00f3gico, vigente a contar de hoy y hasta que las condiciones meteorol\u00f3gicas as\u00ed lo ameriten.<\/p>\n<p>La declaraci\u00f3n de esta alerta, se constituye como un estado de reforzamiento de la vigilancia, mediante el monitoreo preciso y riguroso de las condiciones de riesgo y las respectivas vulnerabilidades asociadas a la amenaza, coordinando y activando al Sistema de Protecci\u00f3n Civil con el fin de actuar oportunamente frente a eventuales situaciones de emergencia.<\/p>\n","protected":false},"excerpt":{"rendered":"<p>De acuerdo con la informaci\u00f3n proporcionada por la Direcci\u00f3n Meteorol\u00f3gica de Chile (DMC), mediante su Aviso Meteorol\u00f3gico CNA A175\/2021 emitido en las \u00faltimas horas,\u00a0 y&hellip; <\/p>\n","protected":false},"author":2,"featured_media":0,"comment_status":"open","ping_status":"closed","sticky":false,"template":"","format":"standard","meta":{"footnotes":""},"categories":[38],"tags":[],"class_list":["post-42077","post","type-post","status-publish","format-standard","hentry","category-portada-regional"],"_links":{"self":[{"href":"https:\/\/www.radioamigavallenar.cl\/index.php?rest_route=\/wp\/v2\/posts\/42077","targetHints":{"allow":["GET"]}}],"collection":[{"href":"https:\/\/www.radioamigavallenar.cl\/index.php?rest_route=\/wp\/v2\/posts"}],"about":[{"href":"https:\/\/www.radioamigavallenar.cl\/index.php?rest_route=\/wp\/v2\/types\/post"}],"author":[{"embeddable":true,"href":"https:\/\/www.radioamigavallenar.cl\/index.php?rest_route=\/wp\/v2\/users\/2"}],"replies":[{"embeddable":true,"href":"https:\/\/www.radioamigavallenar.cl\/index.php?rest_route=%2Fwp%2Fv2%2Fcomments&post=42077"}],"version-history":[{"count":1,"href":"https:\/\/www.radioamigavallenar.cl\/index.php?rest_route=\/wp\/v2\/posts\/42077\/revisions"}],"predecessor-version":[{"id":42078,"href":"https:\/\/www.radioamigavallenar.cl\/index.php?rest_route=\/wp\/v2\/posts\/42077\/revisions\/42078"}],"wp:attachment":[{"href":"https:\/\/www.radioamigavallenar.cl\/index.php?rest_route=%2Fwp%2Fv2%2Fmedia&parent=42077"}],"wp:term":[{"taxonomy":"category","embeddable":true,"href":"https:\/\/www.radioamigavallenar.cl\/index.php?rest_route=%2Fwp%2Fv2%2Fcategories&post=42077"},{"taxonomy":"post_tag","embeddable":true,"href":"https:\/\/www.radioamigavallenar.cl\/index.php?rest_route=%2Fwp%2Fv2%2Ftags&post=42077"}],"curies":[{"name":"wp","href":"https:\/\/api.w.org\/{rel}","templated":true}]}}