{"id":42075,"date":"2021-07-12T09:15:35","date_gmt":"2021-07-12T13:15:35","guid":{"rendered":"https:\/\/www.radioamigavallenar.cl\/?p=42075"},"modified":"2021-07-12T09:17:19","modified_gmt":"2021-07-12T13:17:19","slug":"cuadrillas-sanitarias-difunden-a-la-comunidad-las-nuevas-modificaciones-al-plan-paso-a-paso","status":"publish","type":"post","link":"https:\/\/www.radioamigavallenar.cl\/?p=42075","title":{"rendered":"Cuadrillas Sanitarias difunden a la comunidad las nuevas modificaciones al Plan Paso a Paso"},"content":{"rendered":"<p><strong>El pr\u00f3ximo jueves 15 de julio entrar\u00e1 en vigencia la nueva actualizaci\u00f3n del Plan Paso a Paso que modificar\u00e1 diversos aspectos relacionados a la emergencia sanitaria por el Covid \u2013 19<\/strong><span id=\"more-260929\"><\/span><\/p>\n<p>Durante la jornada del s\u00e1bado, las Cuadrillas Sanitarias de la Seremi de Salud de Atacama, recorrieron distintos sectores de la comuna de Copiap\u00f3 para difundir a la comunidad sobre las nuevas modificaciones que se realizaron en el Plan Paso a Paso, las cuales entrar\u00e1n en vigencia a partir del pr\u00f3ximo jueves 15 de julio.<\/p>\n<p>Nuevas medidas que se aplicar\u00e1n en el comercio, reuniones particulares, actividades educativas, deportivas, toque de queda, entre otras. Con respecto a esto, la Seremi de Salud de Atacama, Claudia Valle, se\u00f1al\u00f3 que, \u201cestamos dedicados a llegar a los distintos puntos de la regi\u00f3n para que la comunidad pueda conocer en detalle sobre los nuevos cambios que se han adoptado en el Plan Paso a Paso, debido que no todos tienen acceso a internet o a las redes sociales para acceder a esta informaci\u00f3n\u201d.<\/p>\n<p>En el caso de las reuniones particulares, durante la Cuarentena seguir\u00e1n prohibidas, sin embargo, en Transici\u00f3n podr\u00e1n reunirse un m\u00e1ximo de 5 personas o 10 si cuentan con el Pase de Movilidad. Mientras que en Preparaci\u00f3n, 10 como m\u00e1ximo o 20 si tienen el Pase de Movilidad\u00a0 y por \u00faltimo en Apertura Inicial, 20 m\u00e1ximo o 40 si poseen el Pase de Movilidad.<\/p>\n<p>\u201cEstos son cambios que sin duda conllevan nuevas libertades, las que debemos seguir con responsabilidad, adem\u00e1s, vemos que muchas de las flexibilidades est\u00e1n de la mano al Pase de Movilidad, el cual se les entrega a las personas que han completado su esquema de vacunaci\u00f3n. Actualmente un 85% de la poblaci\u00f3n ha recibido una dosis en Atacama y un 76% las dos, por lo tanto, hacemos un llamado a quienes a\u00fan no se han vacunado a que puedan participar de este proceso hist\u00f3rico\u201d, indic\u00f3 Claudia Valle.<\/p>\n<p>Finalmente, la autoridad sanitaria destac\u00f3 el trabajo que han realizado las Cuadrillas Sanitarias durante la pandemia. \u201cEstos equipos han sido fundamentales para informar, educar y prevenir a la comunidad sobre los riesgos del Covid \u2013 19 y a la vez, fortalecer las medidas de autocuidado\u201d.<\/p>\n","protected":false},"excerpt":{"rendered":"<p>El pr\u00f3ximo jueves 15 de julio entrar\u00e1 en vigencia la nueva actualizaci\u00f3n del Plan Paso a Paso que modificar\u00e1 diversos aspectos relacionados a la emergencia&hellip; <\/p>\n","protected":false},"author":2,"featured_media":29536,"comment_status":"open","ping_status":"closed","sticky":false,"template":"","format":"standard","meta":{"footnotes":""},"categories":[7],"tags":[],"class_list":["post-42075","post","type-post","status-publish","format-standard","has-post-thumbnail","hentry","category-atacama"],"_links":{"self":[{"href":"https:\/\/www.radioamigavallenar.cl\/index.php?rest_route=\/wp\/v2\/posts\/42075","targetHints":{"allow":["GET"]}}],"collection":[{"href":"https:\/\/www.radioamigavallenar.cl\/index.php?rest_route=\/wp\/v2\/posts"}],"about":[{"href":"https:\/\/www.radioamigavallenar.cl\/index.php?rest_route=\/wp\/v2\/types\/post"}],"author":[{"embeddable":true,"href":"https:\/\/www.radioamigavallenar.cl\/index.php?rest_route=\/wp\/v2\/users\/2"}],"replies":[{"embeddable":true,"href":"https:\/\/www.radioamigavallenar.cl\/index.php?rest_route=%2Fwp%2Fv2%2Fcomments&post=42075"}],"version-history":[{"count":1,"href":"https:\/\/www.radioamigavallenar.cl\/index.php?rest_route=\/wp\/v2\/posts\/42075\/revisions"}],"predecessor-version":[{"id":42076,"href":"https:\/\/www.radioamigavallenar.cl\/index.php?rest_route=\/wp\/v2\/posts\/42075\/revisions\/42076"}],"wp:featuredmedia":[{"embeddable":true,"href":"https:\/\/www.radioamigavallenar.cl\/index.php?rest_route=\/wp\/v2\/media\/29536"}],"wp:attachment":[{"href":"https:\/\/www.radioamigavallenar.cl\/index.php?rest_route=%2Fwp%2Fv2%2Fmedia&parent=42075"}],"wp:term":[{"taxonomy":"category","embeddable":true,"href":"https:\/\/www.radioamigavallenar.cl\/index.php?rest_route=%2Fwp%2Fv2%2Fcategories&post=42075"},{"taxonomy":"post_tag","embeddable":true,"href":"https:\/\/www.radioamigavallenar.cl\/index.php?rest_route=%2Fwp%2Fv2%2Ftags&post=42075"}],"curies":[{"name":"wp","href":"https:\/\/api.w.org\/{rel}","templated":true}]}}