{"id":42073,"date":"2021-07-12T09:07:42","date_gmt":"2021-07-12T13:07:42","guid":{"rendered":"https:\/\/www.radioamigavallenar.cl\/?p=42073"},"modified":"2021-07-12T09:07:42","modified_gmt":"2021-07-12T13:07:42","slug":"gobernadora-del-huasco-reitera-llamado-a-completar-el-proceso-de-vacunacion-2","status":"publish","type":"post","link":"https:\/\/www.radioamigavallenar.cl\/?p=42073","title":{"rendered":"Gobernadora del huasco reitera llamado a completar el proceso de vacunaci\u00f3n"},"content":{"rendered":"<p>El Presidente de la Rep\u00fablica dio a conocer esta semana, importantes medidas relacionadas con el Plan Paso a Paso para enfrentar la actual Pandemia.<\/p>\n<p>Ello considerando que \u00a0va un largo\u00a0 tiempo de Pandemia, 16 meses, tiempo en el que se han provocado efectos devastadores\u00a0\u00a0 en el mundo entero,\u00a0 efectos que han impactado de manera importante a las familias chilenas. La Gobernadora del Huasco, Nelly Galeb destac\u00f3 la decisi\u00f3n del Gobierno de implementar nuevas medidas para avanzar en esta dura lucha contra el Coronavirus.<\/p>\n<p>La Gobernadora rescato las palabras del Presidente Pi\u00f1era se\u00f1alando que \u201cLlevamos ya un largo tiempo en el que hemos tenido que aprender \u00a0a convivir con la angustia, con la desesperanza el agotamiento f\u00edsico y mental de todos, \u00a0hemos aprendido cada d\u00eda un poco m\u00e1s de este virus, sus consecuencias y como combatirlo.<\/p>\n<p>Y en ese camino hemos recogido la informaci\u00f3n necesaria de los expertos, no solo en Chile sino que del mundo entero para ir avanzado en la gran tarea de hacer frente y combatir de la mejor manera esta Pandemia\u201d.<\/p>\n<p>El Presidente de la Rep\u00fablica y su equipo dieron a conocer una serie de nuevas medidas que han de permitir un avance en esta dura lucha. El tener mayor libertad \u00a0exige mayor responsabilidad. Las dos principales herramientas para combatir la pandemia:<\/p>\n<p>Primero, la vacunaci\u00f3n masiva, por ello el llamado a los j\u00f3venes y a los rezagados a vacunarse, porque frente al coronavirus nadie estar\u00e1 seguro.<\/p>\n<p>Segundo, los cuidados personales y las normas sanitarias. El Llamado es a extremar los cuidados personales como lavado de manos, uso de mascarillas, distanciamiento social y ventilaci\u00f3n de lugares cerrados, y tambi\u00e9n a cumplir rigurosamente las normas y protocolos sanitarios.<\/p>\n<p>\u201cSin duda que el avance en los porcentajes de vacunaci\u00f3n nos impulsa a seguir por este camino, en donde tenemos que reforzar el llamado a toda la poblaci\u00f3n que a\u00fan no se vacuna, a cumplir con este proceso una necesidad para estar mejor preparados a la hora de enfrentar los efectos de este virus\u201d.<\/p>\n<p>\u201cLa flexibilizaci\u00f3n que se nos propone, \u00a0supone una mayor responsabilidad y compromiso de todos\u201d, concluy\u00f3 la autoridad.<\/p>\n","protected":false},"excerpt":{"rendered":"<p>El Presidente de la Rep\u00fablica dio a conocer esta semana, importantes medidas relacionadas con el Plan Paso a Paso para enfrentar la actual Pandemia. Ello&hellip; <\/p>\n","protected":false},"author":2,"featured_media":34308,"comment_status":"open","ping_status":"closed","sticky":false,"template":"","format":"standard","meta":{"footnotes":""},"categories":[38],"tags":[],"class_list":["post-42073","post","type-post","status-publish","format-standard","has-post-thumbnail","hentry","category-portada-regional"],"_links":{"self":[{"href":"https:\/\/www.radioamigavallenar.cl\/index.php?rest_route=\/wp\/v2\/posts\/42073","targetHints":{"allow":["GET"]}}],"collection":[{"href":"https:\/\/www.radioamigavallenar.cl\/index.php?rest_route=\/wp\/v2\/posts"}],"about":[{"href":"https:\/\/www.radioamigavallenar.cl\/index.php?rest_route=\/wp\/v2\/types\/post"}],"author":[{"embeddable":true,"href":"https:\/\/www.radioamigavallenar.cl\/index.php?rest_route=\/wp\/v2\/users\/2"}],"replies":[{"embeddable":true,"href":"https:\/\/www.radioamigavallenar.cl\/index.php?rest_route=%2Fwp%2Fv2%2Fcomments&post=42073"}],"version-history":[{"count":1,"href":"https:\/\/www.radioamigavallenar.cl\/index.php?rest_route=\/wp\/v2\/posts\/42073\/revisions"}],"predecessor-version":[{"id":42074,"href":"https:\/\/www.radioamigavallenar.cl\/index.php?rest_route=\/wp\/v2\/posts\/42073\/revisions\/42074"}],"wp:featuredmedia":[{"embeddable":true,"href":"https:\/\/www.radioamigavallenar.cl\/index.php?rest_route=\/wp\/v2\/media\/34308"}],"wp:attachment":[{"href":"https:\/\/www.radioamigavallenar.cl\/index.php?rest_route=%2Fwp%2Fv2%2Fmedia&parent=42073"}],"wp:term":[{"taxonomy":"category","embeddable":true,"href":"https:\/\/www.radioamigavallenar.cl\/index.php?rest_route=%2Fwp%2Fv2%2Fcategories&post=42073"},{"taxonomy":"post_tag","embeddable":true,"href":"https:\/\/www.radioamigavallenar.cl\/index.php?rest_route=%2Fwp%2Fv2%2Ftags&post=42073"}],"curies":[{"name":"wp","href":"https:\/\/api.w.org\/{rel}","templated":true}]}}